{"id":2343,"date":"2026-03-16T20:24:00","date_gmt":"2026-03-16T23:24:00","guid":{"rendered":"https:\/\/fundoprimatera.org.br\/site\/?p=2343"},"modified":"2026-03-16T20:24:00","modified_gmt":"2026-03-16T23:24:00","slug":"o-custo-invisivel-da-evasao-universitaria-para-o-setor-florestal","status":"publish","type":"post","link":"https:\/\/fundoprimatera.org.br\/site\/o-custo-invisivel-da-evasao-universitaria-para-o-setor-florestal\/","title":{"rendered":"O custo invis\u00edvel da evas\u00e3o universit\u00e1ria para o setor florestal"},"content":{"rendered":"<p><span style=\"font-weight: 400;\">A evas\u00e3o universit\u00e1ria \u00e9 normalmente tratada como um problema individual ou institucional. No entanto, no caso da engenharia florestal e de cursos ligados ao setor, ela representa tamb\u00e9m uma perda econ\u00f4mica e estrat\u00e9gica para toda a cadeia produtiva.<\/span><\/p>\n<p><span style=\"font-weight: 400;\">Cada estudante que interrompe a gradua\u00e7\u00e3o deixa de se tornar um profissional qualificado em um setor que depende de conhecimento t\u00e9cnico especializado. Essa interrup\u00e7\u00e3o gera impactos que n\u00e3o aparecem imediatamente, mas afetam a disponibilidade futura de capital humano.<\/span><\/p>\n<h2><b>Evas\u00e3o como perda de investimento educacional<\/b><\/h2>\n<p><span style=\"font-weight: 400;\">A <\/span><span style=\"color: #993300;\"><strong><a style=\"color: #993300;\" href=\"https:\/\/fundoprimatera.org.br\/site\/engenheiros-florestais-formando-profissionais-mais-qualificados-com-o-apoio-de-fundos-patrimoniais\/\">forma\u00e7\u00e3o em engenharia florestal<\/a><\/strong><\/span><span style=\"font-weight: 400;\"> envolve investimento p\u00fablico e privado. Universidades estruturam laborat\u00f3rios, docentes dedicam carga hor\u00e1ria especializada e empresas frequentemente apoiam projetos, est\u00e1gios e eventos t\u00e9cnicos.<\/span><\/p>\n<p><span style=\"font-weight: 400;\">Quando ocorre evas\u00e3o, parte desse investimento deixa de gerar retorno em forma de profissional formado. O custo n\u00e3o se limita \u00e0 mensalidade ou \u00e0 vaga ociosa. Ele inclui infraestrutura utilizada parcialmente, bolsas interrompidas e tempo acad\u00eamico n\u00e3o convertido em qualifica\u00e7\u00e3o completa.<\/span><\/p>\n<p><span style=\"font-weight: 400;\">Do ponto de vista sist\u00eamico, a evas\u00e3o reduz a efici\u00eancia do investimento educacional.<\/span><\/p>\n<h2><img fetchpriority=\"high\" decoding=\"async\" class=\"aligncenter size-full wp-image-2347\" src=\"https:\/\/fundoprimatera.org.br\/site\/wp-content\/uploads\/2026\/03\/imagens-para-ilustrar-o-arquivo4.jpg\" alt=\"\" width=\"981\" height=\"513\" srcset=\"https:\/\/fundoprimatera.org.br\/site\/wp-content\/uploads\/2026\/03\/imagens-para-ilustrar-o-arquivo4.jpg 981w, https:\/\/fundoprimatera.org.br\/site\/wp-content\/uploads\/2026\/03\/imagens-para-ilustrar-o-arquivo4-300x157.jpg 300w, https:\/\/fundoprimatera.org.br\/site\/wp-content\/uploads\/2026\/03\/imagens-para-ilustrar-o-arquivo4-768x402.jpg 768w\" sizes=\"(max-width: 981px) 100vw, 981px\" \/><\/h2>\n<h2><b>Impacto na oferta futura de profissionais qualificados<\/b><\/h2>\n<p><span style=\"font-weight: 400;\">O setor florestal brasileiro possui relev\u00e2ncia internacional, especialmente na cadeia de papel e celulose. Opera\u00e7\u00f5es industriais, planejamento florestal, certifica\u00e7\u00e3o e inova\u00e7\u00e3o dependem de profissionais com forma\u00e7\u00e3o t\u00e9cnica espec\u00edfica.<\/span><\/p>\n<p><span style=\"font-weight: 400;\">Quando a evas\u00e3o reduz o n\u00famero de formandos, a consequ\u00eancia aparece alguns anos depois, na forma de menor oferta de engenheiros preparados para assumir fun\u00e7\u00f5es t\u00e9cnicas e estrat\u00e9gicas.<\/span><\/p>\n<p><span style=\"font-weight: 400;\">Essa redu\u00e7\u00e3o de oferta pode gerar:<\/span><\/p>\n<ul>\n<li style=\"font-weight: 400;\" aria-level=\"1\"><span style=\"font-weight: 400;\">aumento do tempo de recrutamento;<\/span><\/li>\n<li style=\"font-weight: 400;\" aria-level=\"1\"><span style=\"font-weight: 400;\">maior custo de treinamento interno;<\/span><\/li>\n<li style=\"font-weight: 400;\" aria-level=\"1\"><span style=\"font-weight: 400;\">sobrecarga de equipes existentes;<\/span><\/li>\n<li style=\"font-weight: 400;\" aria-level=\"1\"><span style=\"font-weight: 400;\">limita\u00e7\u00e3o da expans\u00e3o operacional.<\/span><\/li>\n<\/ul>\n<p><span style=\"font-weight: 400;\">Empresas passam a competir por um conjunto menor de profissionais dispon\u00edveis.<\/span><\/p>\n<h2><b>Fatores que contribuem para a evas\u00e3o<\/b><\/h2>\n<p><span style=\"font-weight: 400;\">A evas\u00e3o universit\u00e1ria n\u00e3o ocorre por um \u00fanico motivo. Entre os fatores mais recorrentes est\u00e3o:<\/span><\/p>\n<ul>\n<li style=\"font-weight: 400;\" aria-level=\"1\"><span style=\"font-weight: 400;\">dificuldades financeiras;<\/span><\/li>\n<li style=\"font-weight: 400;\" aria-level=\"1\"><span style=\"font-weight: 400;\">falta de identifica\u00e7\u00e3o com o curso;<\/span><\/li>\n<li style=\"font-weight: 400;\" aria-level=\"1\"><span style=\"font-weight: 400;\">aus\u00eancia de perspectiva clara de mercado;<\/span><\/li>\n<li style=\"font-weight: 400;\" aria-level=\"1\"><span style=\"font-weight: 400;\">necessidade de conciliar trabalho e estudo;<\/span><\/li>\n<li style=\"font-weight: 400;\" aria-level=\"1\"><span style=\"font-weight: 400;\">defasagens acad\u00eamicas acumuladas.<\/span><\/li>\n<\/ul>\n<p><span style=\"font-weight: 400;\">Quando o estudante n\u00e3o enxerga conex\u00e3o entre a forma\u00e7\u00e3o e oportunidades reais de carreira, a probabilidade de abandono aumenta. Isso indica que informa\u00e7\u00e3o sobre mercado e apoio estruturado \u00e0 perman\u00eancia t\u00eam papel relevante na redu\u00e7\u00e3o da evas\u00e3o.<\/span><\/p>\n<h2><img decoding=\"async\" class=\"aligncenter size-full wp-image-2346\" src=\"https:\/\/fundoprimatera.org.br\/site\/wp-content\/uploads\/2026\/03\/imagens-para-ilustrar-o-arquivo2.jpg\" alt=\"\" width=\"981\" height=\"513\" srcset=\"https:\/\/fundoprimatera.org.br\/site\/wp-content\/uploads\/2026\/03\/imagens-para-ilustrar-o-arquivo2.jpg 981w, https:\/\/fundoprimatera.org.br\/site\/wp-content\/uploads\/2026\/03\/imagens-para-ilustrar-o-arquivo2-300x157.jpg 300w, https:\/\/fundoprimatera.org.br\/site\/wp-content\/uploads\/2026\/03\/imagens-para-ilustrar-o-arquivo2-768x402.jpg 768w\" sizes=\"(max-width: 981px) 100vw, 981px\" \/><\/h2>\n<h2><b>Consequ\u00eancias para inova\u00e7\u00e3o e competitividade<\/b><\/h2>\n<p><span style=\"font-weight: 400;\">O setor florestal depende de atualiza\u00e7\u00e3o tecnol\u00f3gica cont\u00ednua. Processos industriais, otimiza\u00e7\u00e3o energ\u00e9tica, certifica\u00e7\u00f5es ambientais e novas aplica\u00e7\u00f5es da celulose exigem profissionais com forma\u00e7\u00e3o s\u00f3lida.<\/span><\/p>\n<p><span style=\"font-weight: 400;\">A redu\u00e7\u00e3o no n\u00famero de formados afeta diretamente a capacidade de inova\u00e7\u00e3o das empresas. Menor disponibilidade de profissionais qualificados limita a ado\u00e7\u00e3o de melhorias t\u00e9cnicas e a expans\u00e3o para novos mercados.<\/span><\/p>\n<p><span style=\"font-weight: 400;\">No longo prazo, a evas\u00e3o impacta a competitividade do setor.<\/span><\/p>\n<p><span style=\"font-weight: 400;\">Leia tamb\u00e9m: <\/span><span style=\"color: #993300;\"><strong><a style=\"color: #993300;\" href=\"https:\/\/fundoprimatera.org.br\/site\/fundos-patrimoniais-como-forca-propulsora-de-inovacao-no-setor-florestal\/\">Fundos patrimoniais como for\u00e7a propulsora de inova\u00e7\u00e3o no setor florestal<\/a><\/strong><\/span><\/p>\n<h2><b>Perman\u00eancia universit\u00e1ria como estrat\u00e9gia setorial<\/b><\/h2>\n<p><span style=\"font-weight: 400;\">Reduzir evas\u00e3o n\u00e3o \u00e9 apenas uma a\u00e7\u00e3o social ou acad\u00eamica. Trata-se de uma medida com implica\u00e7\u00f5es econ\u00f4micas para o setor florestal.<\/span><\/p>\n<p><span style=\"font-weight: 400;\">Iniciativas que apoiam estudantes durante a gradua\u00e7\u00e3o contribuem para:<\/span><\/p>\n<ul>\n<li style=\"font-weight: 400;\" aria-level=\"1\"><span style=\"font-weight: 400;\">maior taxa de conclus\u00e3o;<\/span><\/li>\n<li style=\"font-weight: 400;\" aria-level=\"1\"><span style=\"font-weight: 400;\">forma\u00e7\u00e3o mais consistente;<\/span><\/li>\n<li style=\"font-weight: 400;\" aria-level=\"1\"><span style=\"font-weight: 400;\">redu\u00e7\u00e3o de gargalos futuros de m\u00e3o de obra.<\/span><\/li>\n<\/ul>\n<p><span style=\"font-weight: 400;\">Fundos patrimoniais voltados \u00e0 educa\u00e7\u00e3o, como o<\/span><strong><span style=\"color: #993300;\"><a style=\"color: #993300;\" href=\"https:\/\/fundoprimatera.org.br\/site\/\"> Primatera<\/a><\/span><\/strong><span style=\"font-weight: 400;\">, atuam ao apoiar estudantes e fortalecer a forma\u00e7\u00e3o t\u00e9cnica. Ao <\/span><span style=\"color: #993300;\"><strong><a style=\"color: #993300;\" href=\"https:\/\/fundoprimatera.org.br\/site\/por-que-apoiar-um-fundo-patrimonial-tambem-e-papel-de-quem-vive-o-setor-florestal\/\">contribuir<\/a><\/strong><\/span><span style=\"font-weight: 400;\"> para a perman\u00eancia universit\u00e1ria, essas iniciativas ajudam a manter o fluxo de profissionais qualificados para o setor.<\/span><\/p>\n<h2><b>Perman\u00eancia universit\u00e1ria como estrat\u00e9gia para o setor<\/b><\/h2>\n<p><span style=\"font-weight: 400;\">Reduzir a evas\u00e3o universit\u00e1ria tem implica\u00e7\u00f5es diretas para a disponibilidade futura de profissionais qualificados. Em cursos estrat\u00e9gicos para a cadeia florestal, cada estudante que conclui a gradua\u00e7\u00e3o representa manuten\u00e7\u00e3o de capacidade t\u00e9cnica instalada no pa\u00eds.<\/span><\/p>\n<p><span style=\"font-weight: 400;\">Iniciativas que apoiam perman\u00eancia, acesso a atividades complementares e qualifica\u00e7\u00e3o t\u00e9cnica contribuem para diminuir o abandono e aumentar a taxa de conclus\u00e3o. Esse tipo de suporte atua sobre fatores objetivos que levam \u00e0 evas\u00e3o, como restri\u00e7\u00f5es financeiras e falta de acesso a oportunidades formativas.<\/span><\/p>\n<p><span style=\"font-weight: 400;\">O Primatera atua nesse ponto ao direcionar recursos para fortalecer a forma\u00e7\u00e3o no setor florestal. Ao apoiar estudantes e iniciativas acad\u00eamicas, contribui para reduzir barreiras que interferem na perman\u00eancia universit\u00e1ria e na qualifica\u00e7\u00e3o t\u00e9cnica.<\/span><\/p>\n<p><span style=\"font-weight: 400;\">Leia tamb\u00e9m: <\/span><strong><span style=\"color: #993300;\"><a style=\"color: #993300;\" href=\"https:\/\/fundoprimatera.org.br\/site\/o-que-dizem-os-profissionais-do-setor-florestal-sobre-apoiar-o-primatera\/\">O que dizem os profissionais do setor florestal sobre apoiar o Primatera<\/a><\/span><\/strong><\/p>\n<p><span style=\"font-weight: 400;\">Manter estudantes na universidade n\u00e3o \u00e9 apenas uma a\u00e7\u00e3o educacional. \u00c9 uma medida que preserva investimento j\u00e1 realizado, mant\u00e9m o fluxo de profissionais qualificados e sustenta a competitividade do setor florestal no m\u00e9dio e longo prazo.<\/span><\/p>\n","protected":false},"excerpt":{"rendered":"<p>A evas\u00e3o universit\u00e1ria \u00e9 normalmente tratada como um problema individual ou institucional. No entanto, no caso da engenharia florestal e de cursos ligados ao setor, ela representa tamb\u00e9m uma perda econ\u00f4mica e estrat\u00e9gica para toda a cadeia produtiva. Cada estudante que interrompe a gradua\u00e7\u00e3o deixa de se tornar um profissional qualificado em um setor que [&hellip;]<\/p>\n","protected":false},"author":2,"featured_media":2344,"comment_status":"open","ping_status":"closed","sticky":false,"template":"","format":"standard","meta":{"footnotes":""},"categories":[1],"tags":[],"class_list":["post-2343","post","type-post","status-publish","format-standard","has-post-thumbnail","hentry","category-sem-categoria"],"yoast_head":"<!-- This site is optimized with the Yoast SEO plugin v27.5 - https:\/\/yoast.com\/product\/yoast-seo-wordpress\/ -->\n<title>O custo invis\u00edvel da evas\u00e3o universit\u00e1ria para o setor florestal - Primatera Fundo Patrimonial<\/title>\n<meta name=\"robots\" content=\"index, follow, max-snippet:-1, max-image-preview:large, max-video-preview:-1\" \/>\n<link rel=\"canonical\" href=\"https:\/\/fundoprimatera.org.br\/site\/o-custo-invisivel-da-evasao-universitaria-para-o-setor-florestal\/\" \/>\n<meta property=\"og:locale\" content=\"pt_BR\" \/>\n<meta property=\"og:type\" content=\"article\" \/>\n<meta property=\"og:title\" content=\"O custo invis\u00edvel da evas\u00e3o universit\u00e1ria para o setor florestal - Primatera Fundo Patrimonial\" \/>\n<meta property=\"og:description\" content=\"A evas\u00e3o universit\u00e1ria \u00e9 normalmente tratada como um problema individual ou institucional. No entanto, no caso da engenharia florestal e de cursos ligados ao setor, ela representa tamb\u00e9m uma perda econ\u00f4mica e estrat\u00e9gica para toda a cadeia produtiva. Cada estudante que interrompe a gradua\u00e7\u00e3o deixa de se tornar um profissional qualificado em um setor que [&hellip;]\" \/>\n<meta property=\"og:url\" content=\"https:\/\/fundoprimatera.org.br\/site\/o-custo-invisivel-da-evasao-universitaria-para-o-setor-florestal\/\" \/>\n<meta property=\"og:site_name\" content=\"Primatera Fundo Patrimonial\" \/>\n<meta property=\"article:published_time\" content=\"2026-03-16T23:24:00+00:00\" \/>\n<meta property=\"og:image\" content=\"https:\/\/fundoprimatera.org.br\/site\/wp-content\/uploads\/2026\/03\/Capa-Blog-v02_Prancheta-1-1-scaled.jpg\" \/>\n\t<meta property=\"og:image:width\" content=\"2560\" \/>\n\t<meta property=\"og:image:height\" content=\"1700\" \/>\n\t<meta property=\"og:image:type\" content=\"image\/jpeg\" \/>\n<meta name=\"author\" content=\"Bruna Vernaschi\" \/>\n<meta name=\"twitter:card\" content=\"summary_large_image\" \/>\n<meta name=\"twitter:label1\" content=\"Escrito por\" \/>\n\t<meta name=\"twitter:data1\" content=\"Bruna Vernaschi\" \/>\n\t<meta name=\"twitter:label2\" content=\"Est. tempo de leitura\" \/>\n\t<meta name=\"twitter:data2\" content=\"5 minutos\" \/>\n<script type=\"application\/ld+json\" class=\"yoast-schema-graph\">{\"@context\":\"https:\\\/\\\/schema.org\",\"@graph\":[{\"@type\":\"Article\",\"@id\":\"https:\\\/\\\/fundoprimatera.org.br\\\/site\\\/o-custo-invisivel-da-evasao-universitaria-para-o-setor-florestal\\\/#article\",\"isPartOf\":{\"@id\":\"https:\\\/\\\/fundoprimatera.org.br\\\/site\\\/o-custo-invisivel-da-evasao-universitaria-para-o-setor-florestal\\\/\"},\"author\":{\"name\":\"Bruna Vernaschi\",\"@id\":\"https:\\\/\\\/fundoprimatera.org.br\\\/site\\\/#\\\/schema\\\/person\\\/8b7ee45acf1fef955e60642576809df8\"},\"headline\":\"O custo invis\u00edvel da evas\u00e3o universit\u00e1ria para o setor florestal\",\"datePublished\":\"2026-03-16T23:24:00+00:00\",\"mainEntityOfPage\":{\"@id\":\"https:\\\/\\\/fundoprimatera.org.br\\\/site\\\/o-custo-invisivel-da-evasao-universitaria-para-o-setor-florestal\\\/\"},\"wordCount\":809,\"commentCount\":0,\"image\":{\"@id\":\"https:\\\/\\\/fundoprimatera.org.br\\\/site\\\/o-custo-invisivel-da-evasao-universitaria-para-o-setor-florestal\\\/#primaryimage\"},\"thumbnailUrl\":\"https:\\\/\\\/fundoprimatera.org.br\\\/site\\\/wp-content\\\/uploads\\\/2026\\\/03\\\/Capa-Blog-v02_Prancheta-1-1-scaled.jpg\",\"inLanguage\":\"pt-BR\",\"potentialAction\":[{\"@type\":\"CommentAction\",\"name\":\"Comment\",\"target\":[\"https:\\\/\\\/fundoprimatera.org.br\\\/site\\\/o-custo-invisivel-da-evasao-universitaria-para-o-setor-florestal\\\/#respond\"]}]},{\"@type\":\"WebPage\",\"@id\":\"https:\\\/\\\/fundoprimatera.org.br\\\/site\\\/o-custo-invisivel-da-evasao-universitaria-para-o-setor-florestal\\\/\",\"url\":\"https:\\\/\\\/fundoprimatera.org.br\\\/site\\\/o-custo-invisivel-da-evasao-universitaria-para-o-setor-florestal\\\/\",\"name\":\"O custo invis\u00edvel da evas\u00e3o universit\u00e1ria para o setor florestal - Primatera Fundo Patrimonial\",\"isPartOf\":{\"@id\":\"https:\\\/\\\/fundoprimatera.org.br\\\/site\\\/#website\"},\"primaryImageOfPage\":{\"@id\":\"https:\\\/\\\/fundoprimatera.org.br\\\/site\\\/o-custo-invisivel-da-evasao-universitaria-para-o-setor-florestal\\\/#primaryimage\"},\"image\":{\"@id\":\"https:\\\/\\\/fundoprimatera.org.br\\\/site\\\/o-custo-invisivel-da-evasao-universitaria-para-o-setor-florestal\\\/#primaryimage\"},\"thumbnailUrl\":\"https:\\\/\\\/fundoprimatera.org.br\\\/site\\\/wp-content\\\/uploads\\\/2026\\\/03\\\/Capa-Blog-v02_Prancheta-1-1-scaled.jpg\",\"datePublished\":\"2026-03-16T23:24:00+00:00\",\"author\":{\"@id\":\"https:\\\/\\\/fundoprimatera.org.br\\\/site\\\/#\\\/schema\\\/person\\\/8b7ee45acf1fef955e60642576809df8\"},\"breadcrumb\":{\"@id\":\"https:\\\/\\\/fundoprimatera.org.br\\\/site\\\/o-custo-invisivel-da-evasao-universitaria-para-o-setor-florestal\\\/#breadcrumb\"},\"inLanguage\":\"pt-BR\",\"potentialAction\":[{\"@type\":\"ReadAction\",\"target\":[\"https:\\\/\\\/fundoprimatera.org.br\\\/site\\\/o-custo-invisivel-da-evasao-universitaria-para-o-setor-florestal\\\/\"]}]},{\"@type\":\"ImageObject\",\"inLanguage\":\"pt-BR\",\"@id\":\"https:\\\/\\\/fundoprimatera.org.br\\\/site\\\/o-custo-invisivel-da-evasao-universitaria-para-o-setor-florestal\\\/#primaryimage\",\"url\":\"https:\\\/\\\/fundoprimatera.org.br\\\/site\\\/wp-content\\\/uploads\\\/2026\\\/03\\\/Capa-Blog-v02_Prancheta-1-1-scaled.jpg\",\"contentUrl\":\"https:\\\/\\\/fundoprimatera.org.br\\\/site\\\/wp-content\\\/uploads\\\/2026\\\/03\\\/Capa-Blog-v02_Prancheta-1-1-scaled.jpg\",\"width\":2560,\"height\":1700},{\"@type\":\"BreadcrumbList\",\"@id\":\"https:\\\/\\\/fundoprimatera.org.br\\\/site\\\/o-custo-invisivel-da-evasao-universitaria-para-o-setor-florestal\\\/#breadcrumb\",\"itemListElement\":[{\"@type\":\"ListItem\",\"position\":1,\"name\":\"In\u00edcio\",\"item\":\"https:\\\/\\\/fundoprimatera.org.br\\\/site\\\/\"},{\"@type\":\"ListItem\",\"position\":2,\"name\":\"O custo invis\u00edvel da evas\u00e3o universit\u00e1ria para o setor florestal\"}]},{\"@type\":\"WebSite\",\"@id\":\"https:\\\/\\\/fundoprimatera.org.br\\\/site\\\/#website\",\"url\":\"https:\\\/\\\/fundoprimatera.org.br\\\/site\\\/\",\"name\":\"Primatera Fundo Patrimonial\",\"description\":\"Primatera Fundo Patrimonial\",\"potentialAction\":[{\"@type\":\"SearchAction\",\"target\":{\"@type\":\"EntryPoint\",\"urlTemplate\":\"https:\\\/\\\/fundoprimatera.org.br\\\/site\\\/?s={search_term_string}\"},\"query-input\":{\"@type\":\"PropertyValueSpecification\",\"valueRequired\":true,\"valueName\":\"search_term_string\"}}],\"inLanguage\":\"pt-BR\"},{\"@type\":\"Person\",\"@id\":\"https:\\\/\\\/fundoprimatera.org.br\\\/site\\\/#\\\/schema\\\/person\\\/8b7ee45acf1fef955e60642576809df8\",\"name\":\"Bruna Vernaschi\",\"image\":{\"@type\":\"ImageObject\",\"inLanguage\":\"pt-BR\",\"@id\":\"https:\\\/\\\/secure.gravatar.com\\\/avatar\\\/c81bc79cd3e282d5b1f059421e66e8bf9745fff4f35653d7ede70706e4796ee8?s=96&d=mm&r=g\",\"url\":\"https:\\\/\\\/secure.gravatar.com\\\/avatar\\\/c81bc79cd3e282d5b1f059421e66e8bf9745fff4f35653d7ede70706e4796ee8?s=96&d=mm&r=g\",\"contentUrl\":\"https:\\\/\\\/secure.gravatar.com\\\/avatar\\\/c81bc79cd3e282d5b1f059421e66e8bf9745fff4f35653d7ede70706e4796ee8?s=96&d=mm&r=g\",\"caption\":\"Bruna Vernaschi\"},\"url\":\"https:\\\/\\\/fundoprimatera.org.br\\\/site\\\/author\\\/bruna\\\/\"}]}<\/script>\n<!-- \/ Yoast SEO plugin. -->","yoast_head_json":{"title":"O custo invis\u00edvel da evas\u00e3o universit\u00e1ria para o setor florestal - Primatera Fundo Patrimonial","robots":{"index":"index","follow":"follow","max-snippet":"max-snippet:-1","max-image-preview":"max-image-preview:large","max-video-preview":"max-video-preview:-1"},"canonical":"https:\/\/fundoprimatera.org.br\/site\/o-custo-invisivel-da-evasao-universitaria-para-o-setor-florestal\/","og_locale":"pt_BR","og_type":"article","og_title":"O custo invis\u00edvel da evas\u00e3o universit\u00e1ria para o setor florestal - Primatera Fundo Patrimonial","og_description":"A evas\u00e3o universit\u00e1ria \u00e9 normalmente tratada como um problema individual ou institucional. No entanto, no caso da engenharia florestal e de cursos ligados ao setor, ela representa tamb\u00e9m uma perda econ\u00f4mica e estrat\u00e9gica para toda a cadeia produtiva. Cada estudante que interrompe a gradua\u00e7\u00e3o deixa de se tornar um profissional qualificado em um setor que [&hellip;]","og_url":"https:\/\/fundoprimatera.org.br\/site\/o-custo-invisivel-da-evasao-universitaria-para-o-setor-florestal\/","og_site_name":"Primatera Fundo Patrimonial","article_published_time":"2026-03-16T23:24:00+00:00","og_image":[{"width":2560,"height":1700,"url":"https:\/\/fundoprimatera.org.br\/site\/wp-content\/uploads\/2026\/03\/Capa-Blog-v02_Prancheta-1-1-scaled.jpg","type":"image\/jpeg"}],"author":"Bruna Vernaschi","twitter_card":"summary_large_image","twitter_misc":{"Escrito por":"Bruna Vernaschi","Est. tempo de leitura":"5 minutos"},"schema":{"@context":"https:\/\/schema.org","@graph":[{"@type":"Article","@id":"https:\/\/fundoprimatera.org.br\/site\/o-custo-invisivel-da-evasao-universitaria-para-o-setor-florestal\/#article","isPartOf":{"@id":"https:\/\/fundoprimatera.org.br\/site\/o-custo-invisivel-da-evasao-universitaria-para-o-setor-florestal\/"},"author":{"name":"Bruna Vernaschi","@id":"https:\/\/fundoprimatera.org.br\/site\/#\/schema\/person\/8b7ee45acf1fef955e60642576809df8"},"headline":"O custo invis\u00edvel da evas\u00e3o universit\u00e1ria para o setor florestal","datePublished":"2026-03-16T23:24:00+00:00","mainEntityOfPage":{"@id":"https:\/\/fundoprimatera.org.br\/site\/o-custo-invisivel-da-evasao-universitaria-para-o-setor-florestal\/"},"wordCount":809,"commentCount":0,"image":{"@id":"https:\/\/fundoprimatera.org.br\/site\/o-custo-invisivel-da-evasao-universitaria-para-o-setor-florestal\/#primaryimage"},"thumbnailUrl":"https:\/\/fundoprimatera.org.br\/site\/wp-content\/uploads\/2026\/03\/Capa-Blog-v02_Prancheta-1-1-scaled.jpg","inLanguage":"pt-BR","potentialAction":[{"@type":"CommentAction","name":"Comment","target":["https:\/\/fundoprimatera.org.br\/site\/o-custo-invisivel-da-evasao-universitaria-para-o-setor-florestal\/#respond"]}]},{"@type":"WebPage","@id":"https:\/\/fundoprimatera.org.br\/site\/o-custo-invisivel-da-evasao-universitaria-para-o-setor-florestal\/","url":"https:\/\/fundoprimatera.org.br\/site\/o-custo-invisivel-da-evasao-universitaria-para-o-setor-florestal\/","name":"O custo invis\u00edvel da evas\u00e3o universit\u00e1ria para o setor florestal - Primatera Fundo Patrimonial","isPartOf":{"@id":"https:\/\/fundoprimatera.org.br\/site\/#website"},"primaryImageOfPage":{"@id":"https:\/\/fundoprimatera.org.br\/site\/o-custo-invisivel-da-evasao-universitaria-para-o-setor-florestal\/#primaryimage"},"image":{"@id":"https:\/\/fundoprimatera.org.br\/site\/o-custo-invisivel-da-evasao-universitaria-para-o-setor-florestal\/#primaryimage"},"thumbnailUrl":"https:\/\/fundoprimatera.org.br\/site\/wp-content\/uploads\/2026\/03\/Capa-Blog-v02_Prancheta-1-1-scaled.jpg","datePublished":"2026-03-16T23:24:00+00:00","author":{"@id":"https:\/\/fundoprimatera.org.br\/site\/#\/schema\/person\/8b7ee45acf1fef955e60642576809df8"},"breadcrumb":{"@id":"https:\/\/fundoprimatera.org.br\/site\/o-custo-invisivel-da-evasao-universitaria-para-o-setor-florestal\/#breadcrumb"},"inLanguage":"pt-BR","potentialAction":[{"@type":"ReadAction","target":["https:\/\/fundoprimatera.org.br\/site\/o-custo-invisivel-da-evasao-universitaria-para-o-setor-florestal\/"]}]},{"@type":"ImageObject","inLanguage":"pt-BR","@id":"https:\/\/fundoprimatera.org.br\/site\/o-custo-invisivel-da-evasao-universitaria-para-o-setor-florestal\/#primaryimage","url":"https:\/\/fundoprimatera.org.br\/site\/wp-content\/uploads\/2026\/03\/Capa-Blog-v02_Prancheta-1-1-scaled.jpg","contentUrl":"https:\/\/fundoprimatera.org.br\/site\/wp-content\/uploads\/2026\/03\/Capa-Blog-v02_Prancheta-1-1-scaled.jpg","width":2560,"height":1700},{"@type":"BreadcrumbList","@id":"https:\/\/fundoprimatera.org.br\/site\/o-custo-invisivel-da-evasao-universitaria-para-o-setor-florestal\/#breadcrumb","itemListElement":[{"@type":"ListItem","position":1,"name":"In\u00edcio","item":"https:\/\/fundoprimatera.org.br\/site\/"},{"@type":"ListItem","position":2,"name":"O custo invis\u00edvel da evas\u00e3o universit\u00e1ria para o setor florestal"}]},{"@type":"WebSite","@id":"https:\/\/fundoprimatera.org.br\/site\/#website","url":"https:\/\/fundoprimatera.org.br\/site\/","name":"Primatera Fundo Patrimonial","description":"Primatera Fundo Patrimonial","potentialAction":[{"@type":"SearchAction","target":{"@type":"EntryPoint","urlTemplate":"https:\/\/fundoprimatera.org.br\/site\/?s={search_term_string}"},"query-input":{"@type":"PropertyValueSpecification","valueRequired":true,"valueName":"search_term_string"}}],"inLanguage":"pt-BR"},{"@type":"Person","@id":"https:\/\/fundoprimatera.org.br\/site\/#\/schema\/person\/8b7ee45acf1fef955e60642576809df8","name":"Bruna Vernaschi","image":{"@type":"ImageObject","inLanguage":"pt-BR","@id":"https:\/\/secure.gravatar.com\/avatar\/c81bc79cd3e282d5b1f059421e66e8bf9745fff4f35653d7ede70706e4796ee8?s=96&d=mm&r=g","url":"https:\/\/secure.gravatar.com\/avatar\/c81bc79cd3e282d5b1f059421e66e8bf9745fff4f35653d7ede70706e4796ee8?s=96&d=mm&r=g","contentUrl":"https:\/\/secure.gravatar.com\/avatar\/c81bc79cd3e282d5b1f059421e66e8bf9745fff4f35653d7ede70706e4796ee8?s=96&d=mm&r=g","caption":"Bruna Vernaschi"},"url":"https:\/\/fundoprimatera.org.br\/site\/author\/bruna\/"}]}},"_links":{"self":[{"href":"https:\/\/fundoprimatera.org.br\/site\/wp-json\/wp\/v2\/posts\/2343","targetHints":{"allow":["GET"]}}],"collection":[{"href":"https:\/\/fundoprimatera.org.br\/site\/wp-json\/wp\/v2\/posts"}],"about":[{"href":"https:\/\/fundoprimatera.org.br\/site\/wp-json\/wp\/v2\/types\/post"}],"author":[{"embeddable":true,"href":"https:\/\/fundoprimatera.org.br\/site\/wp-json\/wp\/v2\/users\/2"}],"replies":[{"embeddable":true,"href":"https:\/\/fundoprimatera.org.br\/site\/wp-json\/wp\/v2\/comments?post=2343"}],"version-history":[{"count":2,"href":"https:\/\/fundoprimatera.org.br\/site\/wp-json\/wp\/v2\/posts\/2343\/revisions"}],"predecessor-version":[{"id":2349,"href":"https:\/\/fundoprimatera.org.br\/site\/wp-json\/wp\/v2\/posts\/2343\/revisions\/2349"}],"wp:featuredmedia":[{"embeddable":true,"href":"https:\/\/fundoprimatera.org.br\/site\/wp-json\/wp\/v2\/media\/2344"}],"wp:attachment":[{"href":"https:\/\/fundoprimatera.org.br\/site\/wp-json\/wp\/v2\/media?parent=2343"}],"wp:term":[{"taxonomy":"category","embeddable":true,"href":"https:\/\/fundoprimatera.org.br\/site\/wp-json\/wp\/v2\/categories?post=2343"},{"taxonomy":"post_tag","embeddable":true,"href":"https:\/\/fundoprimatera.org.br\/site\/wp-json\/wp\/v2\/tags?post=2343"}],"curies":[{"name":"wp","href":"https:\/\/api.w.org\/{rel}","templated":true}]}}