{"id":2320,"date":"2025-12-09T18:00:16","date_gmt":"2025-12-09T21:00:16","guid":{"rendered":"https:\/\/fundoprimatera.org.br\/site\/?p=2320"},"modified":"2025-12-09T18:00:16","modified_gmt":"2025-12-09T21:00:16","slug":"o-que-dizem-os-profissionais-do-setor-florestal-sobre-apoiar-o-primatera","status":"publish","type":"post","link":"https:\/\/fundoprimatera.org.br\/site\/o-que-dizem-os-profissionais-do-setor-florestal-sobre-apoiar-o-primatera\/","title":{"rendered":"O que dizem os profissionais do setor florestal sobre apoiar o Primatera"},"content":{"rendered":"<p><span style=\"font-weight: 400;\">O setor florestal brasileiro vive um per\u00edodo de crescimento e amadurecimento. Com novos investimentos, expans\u00e3o de f\u00e1bricas e avan\u00e7o tecnol\u00f3gico, o pa\u00eds se consolida como uma das principais pot\u00eancias florestais do mundo. Mas, por tr\u00e1s das m\u00e1quinas, pesquisas e hectares de florestas plantadas, h\u00e1 um fator que define o verdadeiro potencial desse setor: <\/span><b>as pessoas<\/b><span style=\"font-weight: 400;\">.<\/span><\/p>\n<p><span style=\"font-weight: 400;\">Garantir a continuidade do conhecimento t\u00e9cnico, da pesquisa e da inova\u00e7\u00e3o exige estrutura e vis\u00e3o de longo prazo. \u00c9 nesse contexto que o <\/span><b>Primatera<\/b><span style=\"font-weight: 400;\">, fundo patrimonial criado pelo setor florestal e de bioprodutos, ganha relev\u00e2ncia. Ele representa uma nova forma de sustentar o futuro \u2014 pela educa\u00e7\u00e3o, pela ci\u00eancia e pela valoriza\u00e7\u00e3o de quem faz o setor acontecer.<\/span><\/p>\n<h2><b>Um elo entre passado e futuro<\/b><\/h2>\n<p><span style=\"font-weight: 400;\">Para o professor <\/span><b>Celso Foelkel<\/b><span style=\"font-weight: 400;\">, refer\u00eancia nacional na \u00e1rea de celulose e papel, fundos patrimoniais como o Primatera s\u00e3o essenciais para garantir continuidade \u00e0s a\u00e7\u00f5es de ensino e pesquisa. \u201cUm fundo patrimonial garante a perenidade de projetos que, de outra forma, dependeriam apenas de verbas p\u00fablicas e de ciclos pol\u00edticos. Ele cria estabilidade para a pesquisa e para os alunos que ser\u00e3o os futuros profissionais do setor.\u201d<\/span><\/p>\n<p><span style=\"font-weight: 400;\">Em sua fala, o professor refor\u00e7a que <\/span><b>formar pessoas \u00e9 o alicerce da competitividade<\/b><span style=\"font-weight: 400;\">: \u201cSem investimento em gente, n\u00e3o h\u00e1 avan\u00e7o sustent\u00e1vel. A inova\u00e7\u00e3o nasce do conhecimento, e o conhecimento depende de apoio, de tempo e de estrutura.\u201d<\/span><img fetchpriority=\"high\" decoding=\"async\" class=\"aligncenter size-full wp-image-2324\" src=\"https:\/\/fundoprimatera.org.br\/site\/wp-content\/uploads\/2025\/12\/4.png\" alt=\"\" width=\"981\" height=\"513\" srcset=\"https:\/\/fundoprimatera.org.br\/site\/wp-content\/uploads\/2025\/12\/4.png 981w, https:\/\/fundoprimatera.org.br\/site\/wp-content\/uploads\/2025\/12\/4-300x157.png 300w, https:\/\/fundoprimatera.org.br\/site\/wp-content\/uploads\/2025\/12\/4-768x402.png 768w\" sizes=\"(max-width: 981px) 100vw, 981px\" \/><\/p>\n<h2><b>Retribuir \u00e9 fortalecer o ciclo do conhecimento<\/b><\/h2>\n<p><span style=\"font-weight: 400;\">O executivo e pesquisador <\/span><b>Jos\u00e9 Maria de Arruda Mendes Filho<\/b><span style=\"font-weight: 400;\"> destaca o car\u00e1ter de retribui\u00e7\u00e3o que envolve apoiar o fundo. \u201cA cria\u00e7\u00e3o do fundo \u00e9 uma forma concreta de unir empresas, academia e profissionais em torno de um prop\u00f3sito comum: garantir continuidade t\u00e9cnica e cient\u00edfica.\u201d<\/span><\/p>\n<p><span style=\"font-weight: 400;\">Para ele, o Primatera \u00e9 mais do que um instrumento financeiro, \u00e9 um movimento de pertencimento. \u201c\u00c9 uma maneira de devolver \u00e0 base de forma\u00e7\u00e3o aquilo que um dia nos foi oferecido. Quando retribu\u00edmos o que recebemos, garantimos que o ciclo do conhecimento n\u00e3o se quebre.\u201d<\/span><\/p>\n<p><span style=\"font-weight: 400;\">Essa vis\u00e3o de legado \u00e9 o que tem aproximado cada vez mais profissionais experientes do fundo, que enxergam no Primatera uma ponte entre gera\u00e7\u00f5es, conectando quem abriu caminhos a quem ainda est\u00e1 come\u00e7ando.<\/span><\/p>\n<h2><b>Educa\u00e7\u00e3o e capital humano: os pilares do setor<\/b><\/h2>\n<p><span style=\"font-weight: 400;\">Na avalia\u00e7\u00e3o do professor <\/span><b>Humberto Eufrade<\/b><span style=\"font-weight: 400;\">, da ESALQ\/USP, o Primatera cumpre um papel estrat\u00e9gico no desenvolvimento de capital humano. \u201cTer um fundo que fomenta m\u00e3o de obra qualificada, com incentivo a bolsas e projetos, \u00e9 fundamental. O fundo tem um papel enorme para o ensino das ci\u00eancias agr\u00e1rias e florestais.\u201d<\/span><\/p>\n<p><span style=\"font-weight: 400;\">Ele refor\u00e7a que o apoio aos estudantes \u00e9 uma forma direta de fortalecer a base cient\u00edfica e t\u00e9cnica do pa\u00eds. \u201cQuem tem tranquilidade para estudar consegue avan\u00e7ar. \u00c9 isso que o Primatera proporciona: tranquilidade para aprender e devolver ao setor em forma de inova\u00e7\u00e3o e compet\u00eancia.\u201d<\/span><\/p>\n<p><span style=\"font-weight: 400;\">Essa vis\u00e3o se conecta \u00e0 necessidade de preparar profissionais capazes de enfrentar desafios complexos \u2014 da gest\u00e3o florestal ao desenvolvimento de novos biomateriais \u2014 mantendo o Brasil competitivo e sustent\u00e1vel.<\/span><\/p>\n<p><img decoding=\"async\" class=\"aligncenter size-full wp-image-2322\" src=\"https:\/\/fundoprimatera.org.br\/site\/wp-content\/uploads\/2025\/12\/2.png\" alt=\"\" width=\"981\" height=\"513\" srcset=\"https:\/\/fundoprimatera.org.br\/site\/wp-content\/uploads\/2025\/12\/2.png 981w, https:\/\/fundoprimatera.org.br\/site\/wp-content\/uploads\/2025\/12\/2-300x157.png 300w, https:\/\/fundoprimatera.org.br\/site\/wp-content\/uploads\/2025\/12\/2-768x402.png 768w\" sizes=\"(max-width: 981px) 100vw, 981px\" \/><\/p>\n<h2><b>Um compromisso que transcende gera\u00e7\u00f5es<\/b><\/h2>\n<p><span style=\"font-weight: 400;\">A converg\u00eancia entre essas vozes revela uma percep\u00e7\u00e3o comum: <\/span><b>apoiar o Primatera n\u00e3o \u00e9 apenas um gesto de generosidade, mas uma decis\u00e3o estrat\u00e9gica e \u00e9tica<\/b><span style=\"font-weight: 400;\">. \u00c9 reconhecer que o sucesso do setor florestal est\u00e1 diretamente ligado \u00e0 forma\u00e7\u00e3o de pessoas e \u00e0 continuidade do conhecimento.<\/span><\/p>\n<p><span style=\"font-weight: 400;\">Em um momento de transforma\u00e7\u00e3o global, a constru\u00e7\u00e3o de um legado coletivo depende da soma de esfor\u00e7os \u2014 de empresas, profissionais e institui\u00e7\u00f5es que acreditam no poder da educa\u00e7\u00e3o e da ci\u00eancia.<\/span><\/p>\n<p><span style=\"font-weight: 400;\">\u201c\u00c9 primordial ter iniciativas como essas, esses fundos ativos, bem consolidados, apoiando o desenvolvimento, essa gera\u00e7\u00e3o de conhecimento, essa reten\u00e7\u00e3o de conhecimento nos profissionais\u201d, resume <\/span><b>Andr\u00e9 Domingues<\/b><span style=\"font-weight: 400;\">, gerente de processos na Valmet, em outro dos depoimentos colhidos.<\/span><\/p>\n<p><span style=\"font-weight: 400;\">O Primatera \u00e9 o reflexo de uma vis\u00e3o de futuro: a de que <\/span><b>o setor florestal cresce quando cresce sua gente<\/b><span style=\"font-weight: 400;\">.<\/span><\/p>\n","protected":false},"excerpt":{"rendered":"<p>O setor florestal brasileiro vive um per\u00edodo de crescimento e amadurecimento. Com novos investimentos, expans\u00e3o de f\u00e1bricas e avan\u00e7o tecnol\u00f3gico, o pa\u00eds se consolida como uma das principais pot\u00eancias florestais do mundo. Mas, por tr\u00e1s das m\u00e1quinas, pesquisas e hectares de florestas plantadas, h\u00e1 um fator que define o verdadeiro potencial desse setor: as pessoas. [&hellip;]<\/p>\n","protected":false},"author":2,"featured_media":2325,"comment_status":"open","ping_status":"closed","sticky":false,"template":"","format":"standard","meta":{"footnotes":""},"categories":[1],"tags":[],"class_list":["post-2320","post","type-post","status-publish","format-standard","has-post-thumbnail","hentry","category-sem-categoria"],"yoast_head":"<!-- This site is optimized with the Yoast SEO plugin v27.5 - https:\/\/yoast.com\/product\/yoast-seo-wordpress\/ -->\n<title>O que dizem os profissionais do setor florestal sobre apoiar o Primatera - Primatera Fundo Patrimonial<\/title>\n<meta name=\"robots\" content=\"index, follow, max-snippet:-1, max-image-preview:large, max-video-preview:-1\" \/>\n<link rel=\"canonical\" href=\"https:\/\/fundoprimatera.org.br\/site\/o-que-dizem-os-profissionais-do-setor-florestal-sobre-apoiar-o-primatera\/\" \/>\n<meta property=\"og:locale\" content=\"pt_BR\" \/>\n<meta property=\"og:type\" content=\"article\" \/>\n<meta property=\"og:title\" content=\"O que dizem os profissionais do setor florestal sobre apoiar o Primatera - Primatera Fundo Patrimonial\" \/>\n<meta property=\"og:description\" content=\"O setor florestal brasileiro vive um per\u00edodo de crescimento e amadurecimento. Com novos investimentos, expans\u00e3o de f\u00e1bricas e avan\u00e7o tecnol\u00f3gico, o pa\u00eds se consolida como uma das principais pot\u00eancias florestais do mundo. Mas, por tr\u00e1s das m\u00e1quinas, pesquisas e hectares de florestas plantadas, h\u00e1 um fator que define o verdadeiro potencial desse setor: as pessoas. [&hellip;]\" \/>\n<meta property=\"og:url\" content=\"https:\/\/fundoprimatera.org.br\/site\/o-que-dizem-os-profissionais-do-setor-florestal-sobre-apoiar-o-primatera\/\" \/>\n<meta property=\"og:site_name\" content=\"Primatera Fundo Patrimonial\" \/>\n<meta property=\"article:published_time\" content=\"2025-12-09T21:00:16+00:00\" \/>\n<meta property=\"og:image\" content=\"https:\/\/fundoprimatera.org.br\/site\/wp-content\/uploads\/2025\/12\/Peca-01-Capa_Prancheta-1-1024x680.png\" \/>\n\t<meta property=\"og:image:width\" content=\"1024\" \/>\n\t<meta property=\"og:image:height\" content=\"680\" \/>\n\t<meta property=\"og:image:type\" content=\"image\/png\" \/>\n<meta name=\"author\" content=\"Bruna Vernaschi\" \/>\n<meta name=\"twitter:card\" content=\"summary_large_image\" \/>\n<meta name=\"twitter:label1\" content=\"Escrito por\" \/>\n\t<meta name=\"twitter:data1\" content=\"Bruna Vernaschi\" \/>\n\t<meta name=\"twitter:label2\" content=\"Est. tempo de leitura\" \/>\n\t<meta name=\"twitter:data2\" content=\"5 minutos\" \/>\n<script type=\"application\/ld+json\" class=\"yoast-schema-graph\">{\"@context\":\"https:\\\/\\\/schema.org\",\"@graph\":[{\"@type\":\"Article\",\"@id\":\"https:\\\/\\\/fundoprimatera.org.br\\\/site\\\/o-que-dizem-os-profissionais-do-setor-florestal-sobre-apoiar-o-primatera\\\/#article\",\"isPartOf\":{\"@id\":\"https:\\\/\\\/fundoprimatera.org.br\\\/site\\\/o-que-dizem-os-profissionais-do-setor-florestal-sobre-apoiar-o-primatera\\\/\"},\"author\":{\"name\":\"Bruna Vernaschi\",\"@id\":\"https:\\\/\\\/fundoprimatera.org.br\\\/site\\\/#\\\/schema\\\/person\\\/8b7ee45acf1fef955e60642576809df8\"},\"headline\":\"O que dizem os profissionais do setor florestal sobre apoiar o Primatera\",\"datePublished\":\"2025-12-09T21:00:16+00:00\",\"mainEntityOfPage\":{\"@id\":\"https:\\\/\\\/fundoprimatera.org.br\\\/site\\\/o-que-dizem-os-profissionais-do-setor-florestal-sobre-apoiar-o-primatera\\\/\"},\"wordCount\":690,\"commentCount\":0,\"image\":{\"@id\":\"https:\\\/\\\/fundoprimatera.org.br\\\/site\\\/o-que-dizem-os-profissionais-do-setor-florestal-sobre-apoiar-o-primatera\\\/#primaryimage\"},\"thumbnailUrl\":\"https:\\\/\\\/fundoprimatera.org.br\\\/site\\\/wp-content\\\/uploads\\\/2025\\\/12\\\/Peca-01-Capa_Prancheta-1-scaled.png\",\"inLanguage\":\"pt-BR\",\"potentialAction\":[{\"@type\":\"CommentAction\",\"name\":\"Comment\",\"target\":[\"https:\\\/\\\/fundoprimatera.org.br\\\/site\\\/o-que-dizem-os-profissionais-do-setor-florestal-sobre-apoiar-o-primatera\\\/#respond\"]}]},{\"@type\":\"WebPage\",\"@id\":\"https:\\\/\\\/fundoprimatera.org.br\\\/site\\\/o-que-dizem-os-profissionais-do-setor-florestal-sobre-apoiar-o-primatera\\\/\",\"url\":\"https:\\\/\\\/fundoprimatera.org.br\\\/site\\\/o-que-dizem-os-profissionais-do-setor-florestal-sobre-apoiar-o-primatera\\\/\",\"name\":\"O que dizem os profissionais do setor florestal sobre apoiar o Primatera - Primatera Fundo Patrimonial\",\"isPartOf\":{\"@id\":\"https:\\\/\\\/fundoprimatera.org.br\\\/site\\\/#website\"},\"primaryImageOfPage\":{\"@id\":\"https:\\\/\\\/fundoprimatera.org.br\\\/site\\\/o-que-dizem-os-profissionais-do-setor-florestal-sobre-apoiar-o-primatera\\\/#primaryimage\"},\"image\":{\"@id\":\"https:\\\/\\\/fundoprimatera.org.br\\\/site\\\/o-que-dizem-os-profissionais-do-setor-florestal-sobre-apoiar-o-primatera\\\/#primaryimage\"},\"thumbnailUrl\":\"https:\\\/\\\/fundoprimatera.org.br\\\/site\\\/wp-content\\\/uploads\\\/2025\\\/12\\\/Peca-01-Capa_Prancheta-1-scaled.png\",\"datePublished\":\"2025-12-09T21:00:16+00:00\",\"author\":{\"@id\":\"https:\\\/\\\/fundoprimatera.org.br\\\/site\\\/#\\\/schema\\\/person\\\/8b7ee45acf1fef955e60642576809df8\"},\"breadcrumb\":{\"@id\":\"https:\\\/\\\/fundoprimatera.org.br\\\/site\\\/o-que-dizem-os-profissionais-do-setor-florestal-sobre-apoiar-o-primatera\\\/#breadcrumb\"},\"inLanguage\":\"pt-BR\",\"potentialAction\":[{\"@type\":\"ReadAction\",\"target\":[\"https:\\\/\\\/fundoprimatera.org.br\\\/site\\\/o-que-dizem-os-profissionais-do-setor-florestal-sobre-apoiar-o-primatera\\\/\"]}]},{\"@type\":\"ImageObject\",\"inLanguage\":\"pt-BR\",\"@id\":\"https:\\\/\\\/fundoprimatera.org.br\\\/site\\\/o-que-dizem-os-profissionais-do-setor-florestal-sobre-apoiar-o-primatera\\\/#primaryimage\",\"url\":\"https:\\\/\\\/fundoprimatera.org.br\\\/site\\\/wp-content\\\/uploads\\\/2025\\\/12\\\/Peca-01-Capa_Prancheta-1-scaled.png\",\"contentUrl\":\"https:\\\/\\\/fundoprimatera.org.br\\\/site\\\/wp-content\\\/uploads\\\/2025\\\/12\\\/Peca-01-Capa_Prancheta-1-scaled.png\",\"width\":2560,\"height\":1700},{\"@type\":\"BreadcrumbList\",\"@id\":\"https:\\\/\\\/fundoprimatera.org.br\\\/site\\\/o-que-dizem-os-profissionais-do-setor-florestal-sobre-apoiar-o-primatera\\\/#breadcrumb\",\"itemListElement\":[{\"@type\":\"ListItem\",\"position\":1,\"name\":\"In\u00edcio\",\"item\":\"https:\\\/\\\/fundoprimatera.org.br\\\/site\\\/\"},{\"@type\":\"ListItem\",\"position\":2,\"name\":\"O que dizem os profissionais do setor florestal sobre apoiar o Primatera\"}]},{\"@type\":\"WebSite\",\"@id\":\"https:\\\/\\\/fundoprimatera.org.br\\\/site\\\/#website\",\"url\":\"https:\\\/\\\/fundoprimatera.org.br\\\/site\\\/\",\"name\":\"Primatera Fundo Patrimonial\",\"description\":\"Primatera Fundo Patrimonial\",\"potentialAction\":[{\"@type\":\"SearchAction\",\"target\":{\"@type\":\"EntryPoint\",\"urlTemplate\":\"https:\\\/\\\/fundoprimatera.org.br\\\/site\\\/?s={search_term_string}\"},\"query-input\":{\"@type\":\"PropertyValueSpecification\",\"valueRequired\":true,\"valueName\":\"search_term_string\"}}],\"inLanguage\":\"pt-BR\"},{\"@type\":\"Person\",\"@id\":\"https:\\\/\\\/fundoprimatera.org.br\\\/site\\\/#\\\/schema\\\/person\\\/8b7ee45acf1fef955e60642576809df8\",\"name\":\"Bruna Vernaschi\",\"image\":{\"@type\":\"ImageObject\",\"inLanguage\":\"pt-BR\",\"@id\":\"https:\\\/\\\/secure.gravatar.com\\\/avatar\\\/c81bc79cd3e282d5b1f059421e66e8bf9745fff4f35653d7ede70706e4796ee8?s=96&d=mm&r=g\",\"url\":\"https:\\\/\\\/secure.gravatar.com\\\/avatar\\\/c81bc79cd3e282d5b1f059421e66e8bf9745fff4f35653d7ede70706e4796ee8?s=96&d=mm&r=g\",\"contentUrl\":\"https:\\\/\\\/secure.gravatar.com\\\/avatar\\\/c81bc79cd3e282d5b1f059421e66e8bf9745fff4f35653d7ede70706e4796ee8?s=96&d=mm&r=g\",\"caption\":\"Bruna Vernaschi\"},\"url\":\"https:\\\/\\\/fundoprimatera.org.br\\\/site\\\/author\\\/bruna\\\/\"}]}<\/script>\n<!-- \/ Yoast SEO plugin. -->","yoast_head_json":{"title":"O que dizem os profissionais do setor florestal sobre apoiar o Primatera - Primatera Fundo Patrimonial","robots":{"index":"index","follow":"follow","max-snippet":"max-snippet:-1","max-image-preview":"max-image-preview:large","max-video-preview":"max-video-preview:-1"},"canonical":"https:\/\/fundoprimatera.org.br\/site\/o-que-dizem-os-profissionais-do-setor-florestal-sobre-apoiar-o-primatera\/","og_locale":"pt_BR","og_type":"article","og_title":"O que dizem os profissionais do setor florestal sobre apoiar o Primatera - Primatera Fundo Patrimonial","og_description":"O setor florestal brasileiro vive um per\u00edodo de crescimento e amadurecimento. Com novos investimentos, expans\u00e3o de f\u00e1bricas e avan\u00e7o tecnol\u00f3gico, o pa\u00eds se consolida como uma das principais pot\u00eancias florestais do mundo. Mas, por tr\u00e1s das m\u00e1quinas, pesquisas e hectares de florestas plantadas, h\u00e1 um fator que define o verdadeiro potencial desse setor: as pessoas. [&hellip;]","og_url":"https:\/\/fundoprimatera.org.br\/site\/o-que-dizem-os-profissionais-do-setor-florestal-sobre-apoiar-o-primatera\/","og_site_name":"Primatera Fundo Patrimonial","article_published_time":"2025-12-09T21:00:16+00:00","og_image":[{"width":1024,"height":680,"url":"https:\/\/fundoprimatera.org.br\/site\/wp-content\/uploads\/2025\/12\/Peca-01-Capa_Prancheta-1-1024x680.png","type":"image\/png"}],"author":"Bruna Vernaschi","twitter_card":"summary_large_image","twitter_misc":{"Escrito por":"Bruna Vernaschi","Est. tempo de leitura":"5 minutos"},"schema":{"@context":"https:\/\/schema.org","@graph":[{"@type":"Article","@id":"https:\/\/fundoprimatera.org.br\/site\/o-que-dizem-os-profissionais-do-setor-florestal-sobre-apoiar-o-primatera\/#article","isPartOf":{"@id":"https:\/\/fundoprimatera.org.br\/site\/o-que-dizem-os-profissionais-do-setor-florestal-sobre-apoiar-o-primatera\/"},"author":{"name":"Bruna Vernaschi","@id":"https:\/\/fundoprimatera.org.br\/site\/#\/schema\/person\/8b7ee45acf1fef955e60642576809df8"},"headline":"O que dizem os profissionais do setor florestal sobre apoiar o Primatera","datePublished":"2025-12-09T21:00:16+00:00","mainEntityOfPage":{"@id":"https:\/\/fundoprimatera.org.br\/site\/o-que-dizem-os-profissionais-do-setor-florestal-sobre-apoiar-o-primatera\/"},"wordCount":690,"commentCount":0,"image":{"@id":"https:\/\/fundoprimatera.org.br\/site\/o-que-dizem-os-profissionais-do-setor-florestal-sobre-apoiar-o-primatera\/#primaryimage"},"thumbnailUrl":"https:\/\/fundoprimatera.org.br\/site\/wp-content\/uploads\/2025\/12\/Peca-01-Capa_Prancheta-1-scaled.png","inLanguage":"pt-BR","potentialAction":[{"@type":"CommentAction","name":"Comment","target":["https:\/\/fundoprimatera.org.br\/site\/o-que-dizem-os-profissionais-do-setor-florestal-sobre-apoiar-o-primatera\/#respond"]}]},{"@type":"WebPage","@id":"https:\/\/fundoprimatera.org.br\/site\/o-que-dizem-os-profissionais-do-setor-florestal-sobre-apoiar-o-primatera\/","url":"https:\/\/fundoprimatera.org.br\/site\/o-que-dizem-os-profissionais-do-setor-florestal-sobre-apoiar-o-primatera\/","name":"O que dizem os profissionais do setor florestal sobre apoiar o Primatera - Primatera Fundo Patrimonial","isPartOf":{"@id":"https:\/\/fundoprimatera.org.br\/site\/#website"},"primaryImageOfPage":{"@id":"https:\/\/fundoprimatera.org.br\/site\/o-que-dizem-os-profissionais-do-setor-florestal-sobre-apoiar-o-primatera\/#primaryimage"},"image":{"@id":"https:\/\/fundoprimatera.org.br\/site\/o-que-dizem-os-profissionais-do-setor-florestal-sobre-apoiar-o-primatera\/#primaryimage"},"thumbnailUrl":"https:\/\/fundoprimatera.org.br\/site\/wp-content\/uploads\/2025\/12\/Peca-01-Capa_Prancheta-1-scaled.png","datePublished":"2025-12-09T21:00:16+00:00","author":{"@id":"https:\/\/fundoprimatera.org.br\/site\/#\/schema\/person\/8b7ee45acf1fef955e60642576809df8"},"breadcrumb":{"@id":"https:\/\/fundoprimatera.org.br\/site\/o-que-dizem-os-profissionais-do-setor-florestal-sobre-apoiar-o-primatera\/#breadcrumb"},"inLanguage":"pt-BR","potentialAction":[{"@type":"ReadAction","target":["https:\/\/fundoprimatera.org.br\/site\/o-que-dizem-os-profissionais-do-setor-florestal-sobre-apoiar-o-primatera\/"]}]},{"@type":"ImageObject","inLanguage":"pt-BR","@id":"https:\/\/fundoprimatera.org.br\/site\/o-que-dizem-os-profissionais-do-setor-florestal-sobre-apoiar-o-primatera\/#primaryimage","url":"https:\/\/fundoprimatera.org.br\/site\/wp-content\/uploads\/2025\/12\/Peca-01-Capa_Prancheta-1-scaled.png","contentUrl":"https:\/\/fundoprimatera.org.br\/site\/wp-content\/uploads\/2025\/12\/Peca-01-Capa_Prancheta-1-scaled.png","width":2560,"height":1700},{"@type":"BreadcrumbList","@id":"https:\/\/fundoprimatera.org.br\/site\/o-que-dizem-os-profissionais-do-setor-florestal-sobre-apoiar-o-primatera\/#breadcrumb","itemListElement":[{"@type":"ListItem","position":1,"name":"In\u00edcio","item":"https:\/\/fundoprimatera.org.br\/site\/"},{"@type":"ListItem","position":2,"name":"O que dizem os profissionais do setor florestal sobre apoiar o Primatera"}]},{"@type":"WebSite","@id":"https:\/\/fundoprimatera.org.br\/site\/#website","url":"https:\/\/fundoprimatera.org.br\/site\/","name":"Primatera Fundo Patrimonial","description":"Primatera Fundo Patrimonial","potentialAction":[{"@type":"SearchAction","target":{"@type":"EntryPoint","urlTemplate":"https:\/\/fundoprimatera.org.br\/site\/?s={search_term_string}"},"query-input":{"@type":"PropertyValueSpecification","valueRequired":true,"valueName":"search_term_string"}}],"inLanguage":"pt-BR"},{"@type":"Person","@id":"https:\/\/fundoprimatera.org.br\/site\/#\/schema\/person\/8b7ee45acf1fef955e60642576809df8","name":"Bruna Vernaschi","image":{"@type":"ImageObject","inLanguage":"pt-BR","@id":"https:\/\/secure.gravatar.com\/avatar\/c81bc79cd3e282d5b1f059421e66e8bf9745fff4f35653d7ede70706e4796ee8?s=96&d=mm&r=g","url":"https:\/\/secure.gravatar.com\/avatar\/c81bc79cd3e282d5b1f059421e66e8bf9745fff4f35653d7ede70706e4796ee8?s=96&d=mm&r=g","contentUrl":"https:\/\/secure.gravatar.com\/avatar\/c81bc79cd3e282d5b1f059421e66e8bf9745fff4f35653d7ede70706e4796ee8?s=96&d=mm&r=g","caption":"Bruna Vernaschi"},"url":"https:\/\/fundoprimatera.org.br\/site\/author\/bruna\/"}]}},"_links":{"self":[{"href":"https:\/\/fundoprimatera.org.br\/site\/wp-json\/wp\/v2\/posts\/2320","targetHints":{"allow":["GET"]}}],"collection":[{"href":"https:\/\/fundoprimatera.org.br\/site\/wp-json\/wp\/v2\/posts"}],"about":[{"href":"https:\/\/fundoprimatera.org.br\/site\/wp-json\/wp\/v2\/types\/post"}],"author":[{"embeddable":true,"href":"https:\/\/fundoprimatera.org.br\/site\/wp-json\/wp\/v2\/users\/2"}],"replies":[{"embeddable":true,"href":"https:\/\/fundoprimatera.org.br\/site\/wp-json\/wp\/v2\/comments?post=2320"}],"version-history":[{"count":1,"href":"https:\/\/fundoprimatera.org.br\/site\/wp-json\/wp\/v2\/posts\/2320\/revisions"}],"predecessor-version":[{"id":2326,"href":"https:\/\/fundoprimatera.org.br\/site\/wp-json\/wp\/v2\/posts\/2320\/revisions\/2326"}],"wp:featuredmedia":[{"embeddable":true,"href":"https:\/\/fundoprimatera.org.br\/site\/wp-json\/wp\/v2\/media\/2325"}],"wp:attachment":[{"href":"https:\/\/fundoprimatera.org.br\/site\/wp-json\/wp\/v2\/media?parent=2320"}],"wp:term":[{"taxonomy":"category","embeddable":true,"href":"https:\/\/fundoprimatera.org.br\/site\/wp-json\/wp\/v2\/categories?post=2320"},{"taxonomy":"post_tag","embeddable":true,"href":"https:\/\/fundoprimatera.org.br\/site\/wp-json\/wp\/v2\/tags?post=2320"}],"curies":[{"name":"wp","href":"https:\/\/api.w.org\/{rel}","templated":true}]}}