{"id":2291,"date":"2025-08-29T11:43:06","date_gmt":"2025-08-29T14:43:06","guid":{"rendered":"https:\/\/fundoprimatera.org.br\/site\/?p=2291"},"modified":"2025-09-01T11:19:51","modified_gmt":"2025-09-01T14:19:51","slug":"fundos-patrimoniais-como-forca-propulsora-de-inovacao-no-setor-florestal","status":"publish","type":"post","link":"https:\/\/fundoprimatera.org.br\/site\/fundos-patrimoniais-como-forca-propulsora-de-inovacao-no-setor-florestal\/","title":{"rendered":"Fundos patrimoniais como for\u00e7a propulsora de inova\u00e7\u00e3o no setor florestal"},"content":{"rendered":"<p><span style=\"font-weight: 400;\">Como garantir inova\u00e7\u00e3o cont\u00ednua, forma\u00e7\u00e3o de talentos e sustentabilidade no setor florestal com vis\u00e3o de longo prazo e impacto real.<\/span><\/p>\n<p><span style=\"font-weight: 400;\">A inova\u00e7\u00e3o no setor florestal brasileiro sempre foi impulsionada por um fator decisivo: a colabora\u00e7\u00e3o entre a iniciativa privada e a pesquisa cient\u00edfica. Mas para que essa engrenagem continue girando com consist\u00eancia, \u00e9 preciso garantir que haja estrutura, continuidade e direcionamento estrat\u00e9gico, algo que os fundos patrimoniais podem viabilizar como poucas ferramentas hoje.<\/span><\/p>\n<p><span style=\"font-weight: 400;\">Mais do que uma fonte alternativa de recursos, fundos como o Primatera representam um modelo de sustenta\u00e7\u00e3o de longo prazo para o que h\u00e1 de mais estrat\u00e9gico no setor: a <\/span><a href=\"https:\/\/fundoprimatera.org.br\/site\/como-o-primatera-investe-na-formacao-de-profissionais\/\"><span style=\"font-weight: 400;\">forma\u00e7\u00e3o de talentos<\/span><\/a><span style=\"font-weight: 400;\">. O fundo investe diretamente no apoio a estudantes promissores e na promo\u00e7\u00e3o de eventos que ampliam a circula\u00e7\u00e3o de conhecimento t\u00e9cnico e cient\u00edfico.<\/span><\/p>\n<p><img fetchpriority=\"high\" decoding=\"async\" class=\"aligncenter size-full wp-image-2292\" src=\"https:\/\/fundoprimatera.org.br\/site\/wp-content\/uploads\/2025\/08\/Peca-03-Imagens-para-ilustrar-o-artigo_01.png\" alt=\"\" width=\"981\" height=\"513\" srcset=\"https:\/\/fundoprimatera.org.br\/site\/wp-content\/uploads\/2025\/08\/Peca-03-Imagens-para-ilustrar-o-artigo_01.png 981w, https:\/\/fundoprimatera.org.br\/site\/wp-content\/uploads\/2025\/08\/Peca-03-Imagens-para-ilustrar-o-artigo_01-300x157.png 300w, https:\/\/fundoprimatera.org.br\/site\/wp-content\/uploads\/2025\/08\/Peca-03-Imagens-para-ilustrar-o-artigo_01-768x402.png 768w\" sizes=\"(max-width: 981px) 100vw, 981px\" \/><\/p>\n<h2><b>O elo entre quem investe, quem pesquisa e quem transforma<\/b><\/h2>\n<p><span style=\"font-weight: 400;\">Historicamente, as maiores evolu\u00e7\u00f5es no setor de florestas plantadas vieram de parcerias. Empresas que apostaram em inova\u00e7\u00e3o disruptiva n\u00e3o caminharam sozinhas: elas encontraram em universidades e centros de pesquisa o terreno f\u00e9rtil para desenvolver solu\u00e7\u00f5es.<\/span><\/p>\n<p><span style=\"font-weight: 400;\">O desafio, agora, \u00e9 dar continuidade a essas parcerias em um cen\u00e1rio cada vez mais inst\u00e1vel do ponto de vista or\u00e7ament\u00e1rio. \u00c9 aqui que entram os fundos patrimoniais: instrumentos financeiros que garantem recursos perenes para pesquisa, inova\u00e7\u00e3o e forma\u00e7\u00e3o de profissionais, com total transpar\u00eancia e governan\u00e7a.<\/span><\/p>\n<p><span style=\"font-weight: 400;\">No caso do Primatera, os aportes feitos por <\/span><a href=\"https:\/\/fundoprimatera.org.br\/site\/por-que-sua-empresa-pode-fazer-a-diferenca-com-o-primatera\/\"><span style=\"font-weight: 400;\">empresas<\/span><\/a><span style=\"font-weight: 400;\"> e pessoas f\u00edsicas comp\u00f5em um fundo permanente, cuja rentabilidade \u00e9 direcionada prioritariamente para o apoio ao capital humano: desde bolsas de estudo para estudantes em forma\u00e7\u00e3o at\u00e9 a realiza\u00e7\u00e3o de eventos t\u00e9cnicos e cient\u00edficos, que fortalecem a troca de conhecimento e a valoriza\u00e7\u00e3o da pesquisa no setor.<\/span><img decoding=\"async\" class=\"aligncenter size-full wp-image-2293\" src=\"https:\/\/fundoprimatera.org.br\/site\/wp-content\/uploads\/2025\/08\/Peca-03-Imagens-para-ilustrar-o-artigo_02.png\" alt=\"\" width=\"981\" height=\"513\" srcset=\"https:\/\/fundoprimatera.org.br\/site\/wp-content\/uploads\/2025\/08\/Peca-03-Imagens-para-ilustrar-o-artigo_02.png 981w, https:\/\/fundoprimatera.org.br\/site\/wp-content\/uploads\/2025\/08\/Peca-03-Imagens-para-ilustrar-o-artigo_02-300x157.png 300w, https:\/\/fundoprimatera.org.br\/site\/wp-content\/uploads\/2025\/08\/Peca-03-Imagens-para-ilustrar-o-artigo_02-768x402.png 768w\" sizes=\"(max-width: 981px) 100vw, 981px\" \/><\/p>\n<h2><b>Por que isso acelera a inova\u00e7\u00e3o?<\/b><\/h2>\n<p><span style=\"font-weight: 400;\">Porque garante continuidade. Inova\u00e7\u00e3o de verdade, aquela que sai do laborat\u00f3rio e impacta a produtividade, a sustentabilidade e a competitividade, n\u00e3o nasce em ciclos curtos nem de iniciativas isoladas. Ela exige vis\u00e3o de longo prazo, fomento cont\u00ednuo e integra\u00e7\u00e3o entre quem pesquisa e quem executa.<\/span><\/p>\n<p><span style=\"font-weight: 400;\">Ao contribuir com o Primatera, empresas tornam-se parte ativa desse ciclo. Investem n\u00e3o apenas em resultados imediatos, mas em uma base s\u00f3lida que viabiliza o futuro do setor, com profissionais mais qualificados, pesquisas alinhadas \u00e0s demandas de mercado e uma rede de conhecimento em constante evolu\u00e7\u00e3o.<\/span><img decoding=\"async\" class=\"aligncenter size-full wp-image-2294\" src=\"https:\/\/fundoprimatera.org.br\/site\/wp-content\/uploads\/2025\/08\/Peca-03-Imagens-para-ilustrar-o-artigo_03.png\" alt=\"\" width=\"981\" height=\"513\" srcset=\"https:\/\/fundoprimatera.org.br\/site\/wp-content\/uploads\/2025\/08\/Peca-03-Imagens-para-ilustrar-o-artigo_03.png 981w, https:\/\/fundoprimatera.org.br\/site\/wp-content\/uploads\/2025\/08\/Peca-03-Imagens-para-ilustrar-o-artigo_03-300x157.png 300w, https:\/\/fundoprimatera.org.br\/site\/wp-content\/uploads\/2025\/08\/Peca-03-Imagens-para-ilustrar-o-artigo_03-768x402.png 768w\" sizes=\"(max-width: 981px) 100vw, 981px\" \/><\/p>\n<h2><b>Quem se beneficia?<\/b><\/h2>\n<ul>\n<li style=\"font-weight: 400;\" aria-level=\"1\"><span style=\"font-weight: 400;\">Empresas que buscam solu\u00e7\u00f5es inovadoras e personalizadas para seus desafios t\u00e9cnicos;<\/span><\/li>\n<li style=\"font-weight: 400;\" aria-level=\"1\"><span style=\"font-weight: 400;\">Pesquisadores e estudantes comprometidos com o avan\u00e7o da ci\u00eancia aplicada ao setor;<\/span><\/li>\n<li style=\"font-weight: 400;\" aria-level=\"1\"><span style=\"font-weight: 400;\">A sociedade, que passa a contar com uma ind\u00fastria mais eficiente, respons\u00e1vel e preparada para os desafios ambientais e econ\u00f4micos.<\/span><img loading=\"lazy\" decoding=\"async\" class=\"aligncenter size-full wp-image-2295\" src=\"https:\/\/fundoprimatera.org.br\/site\/wp-content\/uploads\/2025\/08\/Peca-03-Imagens-para-ilustrar-o-artigo_04.png\" alt=\"\" width=\"981\" height=\"513\" srcset=\"https:\/\/fundoprimatera.org.br\/site\/wp-content\/uploads\/2025\/08\/Peca-03-Imagens-para-ilustrar-o-artigo_04.png 981w, https:\/\/fundoprimatera.org.br\/site\/wp-content\/uploads\/2025\/08\/Peca-03-Imagens-para-ilustrar-o-artigo_04-300x157.png 300w, https:\/\/fundoprimatera.org.br\/site\/wp-content\/uploads\/2025\/08\/Peca-03-Imagens-para-ilustrar-o-artigo_04-768x402.png 768w\" sizes=\"(max-width: 981px) 100vw, 981px\" \/><\/li>\n<li aria-level=\"1\">\n<h2><b>Contribuir \u00e9 decidir o futuro<\/b><\/h2>\n<p><span style=\"font-weight: 400;\">Apoiar o Primatera \u00e9 uma decis\u00e3o estrat\u00e9gica. \u00c9 colocar recursos onde eles fazem diferen\u00e7a concreta: nos estudantes, no fortalecimento da pesquisa, e na renova\u00e7\u00e3o dos profissionais que movem o setor.<\/span><\/p>\n<p><span style=\"font-weight: 400;\">Quer saber como a sua empresa pode fazer parte desse futuro?<\/span><\/p>\n<p><span style=\"font-weight: 400;\">\ud83d\udc49 Acesse <\/span><a href=\"http:\/\/fundoprimatera.org.br\"><span style=\"font-weight: 400;\"><span style=\"color: #993366;\"><strong>fundoprimatera.org.br<\/strong><\/span><\/span><\/a><span style=\"font-weight: 400;\"> e fa\u00e7a parte dessa corrente de transforma\u00e7\u00e3o. Vamos juntos acelerar a inova\u00e7\u00e3o e garantir a sustentabilidade do setor florestal brasileiro.<\/span><\/li>\n<\/ul>\n","protected":false},"excerpt":{"rendered":"<p>Como garantir inova\u00e7\u00e3o cont\u00ednua, forma\u00e7\u00e3o de talentos e sustentabilidade no setor florestal com vis\u00e3o de longo prazo e impacto real. A inova\u00e7\u00e3o no setor florestal brasileiro sempre foi impulsionada por um fator decisivo: a colabora\u00e7\u00e3o entre a iniciativa privada e a pesquisa cient\u00edfica. Mas para que essa engrenagem continue girando com consist\u00eancia, \u00e9 preciso garantir [&hellip;]<\/p>\n","protected":false},"author":2,"featured_media":2296,"comment_status":"open","ping_status":"closed","sticky":false,"template":"","format":"standard","meta":{"footnotes":""},"categories":[1],"tags":[],"class_list":["post-2291","post","type-post","status-publish","format-standard","has-post-thumbnail","hentry","category-sem-categoria"],"yoast_head":"<!-- This site is optimized with the Yoast SEO plugin v27.5 - https:\/\/yoast.com\/product\/yoast-seo-wordpress\/ -->\n<title>Fundos patrimoniais como for\u00e7a propulsora de inova\u00e7\u00e3o no setor florestal - Primatera Fundo Patrimonial<\/title>\n<meta name=\"robots\" content=\"index, follow, max-snippet:-1, max-image-preview:large, max-video-preview:-1\" \/>\n<link rel=\"canonical\" href=\"https:\/\/fundoprimatera.org.br\/site\/fundos-patrimoniais-como-forca-propulsora-de-inovacao-no-setor-florestal\/\" \/>\n<meta property=\"og:locale\" content=\"pt_BR\" \/>\n<meta property=\"og:type\" content=\"article\" \/>\n<meta property=\"og:title\" content=\"Fundos patrimoniais como for\u00e7a propulsora de inova\u00e7\u00e3o no setor florestal - Primatera Fundo Patrimonial\" \/>\n<meta property=\"og:description\" content=\"Como garantir inova\u00e7\u00e3o cont\u00ednua, forma\u00e7\u00e3o de talentos e sustentabilidade no setor florestal com vis\u00e3o de longo prazo e impacto real. A inova\u00e7\u00e3o no setor florestal brasileiro sempre foi impulsionada por um fator decisivo: a colabora\u00e7\u00e3o entre a iniciativa privada e a pesquisa cient\u00edfica. Mas para que essa engrenagem continue girando com consist\u00eancia, \u00e9 preciso garantir [&hellip;]\" \/>\n<meta property=\"og:url\" content=\"https:\/\/fundoprimatera.org.br\/site\/fundos-patrimoniais-como-forca-propulsora-de-inovacao-no-setor-florestal\/\" \/>\n<meta property=\"og:site_name\" content=\"Primatera Fundo Patrimonial\" \/>\n<meta property=\"article:published_time\" content=\"2025-08-29T14:43:06+00:00\" \/>\n<meta property=\"article:modified_time\" content=\"2025-09-01T14:19:51+00:00\" \/>\n<meta property=\"og:image\" content=\"https:\/\/fundoprimatera.org.br\/site\/wp-content\/uploads\/2025\/08\/Peca-01-Capa-scaled.jpg\" \/>\n\t<meta property=\"og:image:width\" content=\"2560\" \/>\n\t<meta property=\"og:image:height\" content=\"1700\" \/>\n\t<meta property=\"og:image:type\" content=\"image\/jpeg\" \/>\n<meta name=\"author\" content=\"Bruna Vernaschi\" \/>\n<meta name=\"twitter:card\" content=\"summary_large_image\" \/>\n<meta name=\"twitter:label1\" content=\"Escrito por\" \/>\n\t<meta name=\"twitter:data1\" content=\"Bruna Vernaschi\" \/>\n\t<meta name=\"twitter:label2\" content=\"Est. tempo de leitura\" \/>\n\t<meta name=\"twitter:data2\" content=\"4 minutos\" \/>\n<script type=\"application\/ld+json\" class=\"yoast-schema-graph\">{\"@context\":\"https:\\\/\\\/schema.org\",\"@graph\":[{\"@type\":\"Article\",\"@id\":\"https:\\\/\\\/fundoprimatera.org.br\\\/site\\\/fundos-patrimoniais-como-forca-propulsora-de-inovacao-no-setor-florestal\\\/#article\",\"isPartOf\":{\"@id\":\"https:\\\/\\\/fundoprimatera.org.br\\\/site\\\/fundos-patrimoniais-como-forca-propulsora-de-inovacao-no-setor-florestal\\\/\"},\"author\":{\"name\":\"Bruna Vernaschi\",\"@id\":\"https:\\\/\\\/fundoprimatera.org.br\\\/site\\\/#\\\/schema\\\/person\\\/8b7ee45acf1fef955e60642576809df8\"},\"headline\":\"Fundos patrimoniais como for\u00e7a propulsora de inova\u00e7\u00e3o no setor florestal\",\"datePublished\":\"2025-08-29T14:43:06+00:00\",\"dateModified\":\"2025-09-01T14:19:51+00:00\",\"mainEntityOfPage\":{\"@id\":\"https:\\\/\\\/fundoprimatera.org.br\\\/site\\\/fundos-patrimoniais-como-forca-propulsora-de-inovacao-no-setor-florestal\\\/\"},\"wordCount\":554,\"commentCount\":0,\"image\":{\"@id\":\"https:\\\/\\\/fundoprimatera.org.br\\\/site\\\/fundos-patrimoniais-como-forca-propulsora-de-inovacao-no-setor-florestal\\\/#primaryimage\"},\"thumbnailUrl\":\"https:\\\/\\\/fundoprimatera.org.br\\\/site\\\/wp-content\\\/uploads\\\/2025\\\/08\\\/Peca-01-Capa-scaled.jpg\",\"inLanguage\":\"pt-BR\",\"potentialAction\":[{\"@type\":\"CommentAction\",\"name\":\"Comment\",\"target\":[\"https:\\\/\\\/fundoprimatera.org.br\\\/site\\\/fundos-patrimoniais-como-forca-propulsora-de-inovacao-no-setor-florestal\\\/#respond\"]}]},{\"@type\":\"WebPage\",\"@id\":\"https:\\\/\\\/fundoprimatera.org.br\\\/site\\\/fundos-patrimoniais-como-forca-propulsora-de-inovacao-no-setor-florestal\\\/\",\"url\":\"https:\\\/\\\/fundoprimatera.org.br\\\/site\\\/fundos-patrimoniais-como-forca-propulsora-de-inovacao-no-setor-florestal\\\/\",\"name\":\"Fundos patrimoniais como for\u00e7a propulsora de inova\u00e7\u00e3o no setor florestal - Primatera Fundo Patrimonial\",\"isPartOf\":{\"@id\":\"https:\\\/\\\/fundoprimatera.org.br\\\/site\\\/#website\"},\"primaryImageOfPage\":{\"@id\":\"https:\\\/\\\/fundoprimatera.org.br\\\/site\\\/fundos-patrimoniais-como-forca-propulsora-de-inovacao-no-setor-florestal\\\/#primaryimage\"},\"image\":{\"@id\":\"https:\\\/\\\/fundoprimatera.org.br\\\/site\\\/fundos-patrimoniais-como-forca-propulsora-de-inovacao-no-setor-florestal\\\/#primaryimage\"},\"thumbnailUrl\":\"https:\\\/\\\/fundoprimatera.org.br\\\/site\\\/wp-content\\\/uploads\\\/2025\\\/08\\\/Peca-01-Capa-scaled.jpg\",\"datePublished\":\"2025-08-29T14:43:06+00:00\",\"dateModified\":\"2025-09-01T14:19:51+00:00\",\"author\":{\"@id\":\"https:\\\/\\\/fundoprimatera.org.br\\\/site\\\/#\\\/schema\\\/person\\\/8b7ee45acf1fef955e60642576809df8\"},\"breadcrumb\":{\"@id\":\"https:\\\/\\\/fundoprimatera.org.br\\\/site\\\/fundos-patrimoniais-como-forca-propulsora-de-inovacao-no-setor-florestal\\\/#breadcrumb\"},\"inLanguage\":\"pt-BR\",\"potentialAction\":[{\"@type\":\"ReadAction\",\"target\":[\"https:\\\/\\\/fundoprimatera.org.br\\\/site\\\/fundos-patrimoniais-como-forca-propulsora-de-inovacao-no-setor-florestal\\\/\"]}]},{\"@type\":\"ImageObject\",\"inLanguage\":\"pt-BR\",\"@id\":\"https:\\\/\\\/fundoprimatera.org.br\\\/site\\\/fundos-patrimoniais-como-forca-propulsora-de-inovacao-no-setor-florestal\\\/#primaryimage\",\"url\":\"https:\\\/\\\/fundoprimatera.org.br\\\/site\\\/wp-content\\\/uploads\\\/2025\\\/08\\\/Peca-01-Capa-scaled.jpg\",\"contentUrl\":\"https:\\\/\\\/fundoprimatera.org.br\\\/site\\\/wp-content\\\/uploads\\\/2025\\\/08\\\/Peca-01-Capa-scaled.jpg\",\"width\":2560,\"height\":1700},{\"@type\":\"BreadcrumbList\",\"@id\":\"https:\\\/\\\/fundoprimatera.org.br\\\/site\\\/fundos-patrimoniais-como-forca-propulsora-de-inovacao-no-setor-florestal\\\/#breadcrumb\",\"itemListElement\":[{\"@type\":\"ListItem\",\"position\":1,\"name\":\"In\u00edcio\",\"item\":\"https:\\\/\\\/fundoprimatera.org.br\\\/site\\\/\"},{\"@type\":\"ListItem\",\"position\":2,\"name\":\"Fundos patrimoniais como for\u00e7a propulsora de inova\u00e7\u00e3o no setor florestal\"}]},{\"@type\":\"WebSite\",\"@id\":\"https:\\\/\\\/fundoprimatera.org.br\\\/site\\\/#website\",\"url\":\"https:\\\/\\\/fundoprimatera.org.br\\\/site\\\/\",\"name\":\"Primatera Fundo Patrimonial\",\"description\":\"Primatera Fundo Patrimonial\",\"potentialAction\":[{\"@type\":\"SearchAction\",\"target\":{\"@type\":\"EntryPoint\",\"urlTemplate\":\"https:\\\/\\\/fundoprimatera.org.br\\\/site\\\/?s={search_term_string}\"},\"query-input\":{\"@type\":\"PropertyValueSpecification\",\"valueRequired\":true,\"valueName\":\"search_term_string\"}}],\"inLanguage\":\"pt-BR\"},{\"@type\":\"Person\",\"@id\":\"https:\\\/\\\/fundoprimatera.org.br\\\/site\\\/#\\\/schema\\\/person\\\/8b7ee45acf1fef955e60642576809df8\",\"name\":\"Bruna Vernaschi\",\"image\":{\"@type\":\"ImageObject\",\"inLanguage\":\"pt-BR\",\"@id\":\"https:\\\/\\\/secure.gravatar.com\\\/avatar\\\/c81bc79cd3e282d5b1f059421e66e8bf9745fff4f35653d7ede70706e4796ee8?s=96&d=mm&r=g\",\"url\":\"https:\\\/\\\/secure.gravatar.com\\\/avatar\\\/c81bc79cd3e282d5b1f059421e66e8bf9745fff4f35653d7ede70706e4796ee8?s=96&d=mm&r=g\",\"contentUrl\":\"https:\\\/\\\/secure.gravatar.com\\\/avatar\\\/c81bc79cd3e282d5b1f059421e66e8bf9745fff4f35653d7ede70706e4796ee8?s=96&d=mm&r=g\",\"caption\":\"Bruna Vernaschi\"},\"url\":\"https:\\\/\\\/fundoprimatera.org.br\\\/site\\\/author\\\/bruna\\\/\"}]}<\/script>\n<!-- \/ Yoast SEO plugin. -->","yoast_head_json":{"title":"Fundos patrimoniais como for\u00e7a propulsora de inova\u00e7\u00e3o no setor florestal - Primatera Fundo Patrimonial","robots":{"index":"index","follow":"follow","max-snippet":"max-snippet:-1","max-image-preview":"max-image-preview:large","max-video-preview":"max-video-preview:-1"},"canonical":"https:\/\/fundoprimatera.org.br\/site\/fundos-patrimoniais-como-forca-propulsora-de-inovacao-no-setor-florestal\/","og_locale":"pt_BR","og_type":"article","og_title":"Fundos patrimoniais como for\u00e7a propulsora de inova\u00e7\u00e3o no setor florestal - Primatera Fundo Patrimonial","og_description":"Como garantir inova\u00e7\u00e3o cont\u00ednua, forma\u00e7\u00e3o de talentos e sustentabilidade no setor florestal com vis\u00e3o de longo prazo e impacto real. A inova\u00e7\u00e3o no setor florestal brasileiro sempre foi impulsionada por um fator decisivo: a colabora\u00e7\u00e3o entre a iniciativa privada e a pesquisa cient\u00edfica. Mas para que essa engrenagem continue girando com consist\u00eancia, \u00e9 preciso garantir [&hellip;]","og_url":"https:\/\/fundoprimatera.org.br\/site\/fundos-patrimoniais-como-forca-propulsora-de-inovacao-no-setor-florestal\/","og_site_name":"Primatera Fundo Patrimonial","article_published_time":"2025-08-29T14:43:06+00:00","article_modified_time":"2025-09-01T14:19:51+00:00","og_image":[{"width":2560,"height":1700,"url":"https:\/\/fundoprimatera.org.br\/site\/wp-content\/uploads\/2025\/08\/Peca-01-Capa-scaled.jpg","type":"image\/jpeg"}],"author":"Bruna Vernaschi","twitter_card":"summary_large_image","twitter_misc":{"Escrito por":"Bruna Vernaschi","Est. tempo de leitura":"4 minutos"},"schema":{"@context":"https:\/\/schema.org","@graph":[{"@type":"Article","@id":"https:\/\/fundoprimatera.org.br\/site\/fundos-patrimoniais-como-forca-propulsora-de-inovacao-no-setor-florestal\/#article","isPartOf":{"@id":"https:\/\/fundoprimatera.org.br\/site\/fundos-patrimoniais-como-forca-propulsora-de-inovacao-no-setor-florestal\/"},"author":{"name":"Bruna Vernaschi","@id":"https:\/\/fundoprimatera.org.br\/site\/#\/schema\/person\/8b7ee45acf1fef955e60642576809df8"},"headline":"Fundos patrimoniais como for\u00e7a propulsora de inova\u00e7\u00e3o no setor florestal","datePublished":"2025-08-29T14:43:06+00:00","dateModified":"2025-09-01T14:19:51+00:00","mainEntityOfPage":{"@id":"https:\/\/fundoprimatera.org.br\/site\/fundos-patrimoniais-como-forca-propulsora-de-inovacao-no-setor-florestal\/"},"wordCount":554,"commentCount":0,"image":{"@id":"https:\/\/fundoprimatera.org.br\/site\/fundos-patrimoniais-como-forca-propulsora-de-inovacao-no-setor-florestal\/#primaryimage"},"thumbnailUrl":"https:\/\/fundoprimatera.org.br\/site\/wp-content\/uploads\/2025\/08\/Peca-01-Capa-scaled.jpg","inLanguage":"pt-BR","potentialAction":[{"@type":"CommentAction","name":"Comment","target":["https:\/\/fundoprimatera.org.br\/site\/fundos-patrimoniais-como-forca-propulsora-de-inovacao-no-setor-florestal\/#respond"]}]},{"@type":"WebPage","@id":"https:\/\/fundoprimatera.org.br\/site\/fundos-patrimoniais-como-forca-propulsora-de-inovacao-no-setor-florestal\/","url":"https:\/\/fundoprimatera.org.br\/site\/fundos-patrimoniais-como-forca-propulsora-de-inovacao-no-setor-florestal\/","name":"Fundos patrimoniais como for\u00e7a propulsora de inova\u00e7\u00e3o no setor florestal - Primatera Fundo Patrimonial","isPartOf":{"@id":"https:\/\/fundoprimatera.org.br\/site\/#website"},"primaryImageOfPage":{"@id":"https:\/\/fundoprimatera.org.br\/site\/fundos-patrimoniais-como-forca-propulsora-de-inovacao-no-setor-florestal\/#primaryimage"},"image":{"@id":"https:\/\/fundoprimatera.org.br\/site\/fundos-patrimoniais-como-forca-propulsora-de-inovacao-no-setor-florestal\/#primaryimage"},"thumbnailUrl":"https:\/\/fundoprimatera.org.br\/site\/wp-content\/uploads\/2025\/08\/Peca-01-Capa-scaled.jpg","datePublished":"2025-08-29T14:43:06+00:00","dateModified":"2025-09-01T14:19:51+00:00","author":{"@id":"https:\/\/fundoprimatera.org.br\/site\/#\/schema\/person\/8b7ee45acf1fef955e60642576809df8"},"breadcrumb":{"@id":"https:\/\/fundoprimatera.org.br\/site\/fundos-patrimoniais-como-forca-propulsora-de-inovacao-no-setor-florestal\/#breadcrumb"},"inLanguage":"pt-BR","potentialAction":[{"@type":"ReadAction","target":["https:\/\/fundoprimatera.org.br\/site\/fundos-patrimoniais-como-forca-propulsora-de-inovacao-no-setor-florestal\/"]}]},{"@type":"ImageObject","inLanguage":"pt-BR","@id":"https:\/\/fundoprimatera.org.br\/site\/fundos-patrimoniais-como-forca-propulsora-de-inovacao-no-setor-florestal\/#primaryimage","url":"https:\/\/fundoprimatera.org.br\/site\/wp-content\/uploads\/2025\/08\/Peca-01-Capa-scaled.jpg","contentUrl":"https:\/\/fundoprimatera.org.br\/site\/wp-content\/uploads\/2025\/08\/Peca-01-Capa-scaled.jpg","width":2560,"height":1700},{"@type":"BreadcrumbList","@id":"https:\/\/fundoprimatera.org.br\/site\/fundos-patrimoniais-como-forca-propulsora-de-inovacao-no-setor-florestal\/#breadcrumb","itemListElement":[{"@type":"ListItem","position":1,"name":"In\u00edcio","item":"https:\/\/fundoprimatera.org.br\/site\/"},{"@type":"ListItem","position":2,"name":"Fundos patrimoniais como for\u00e7a propulsora de inova\u00e7\u00e3o no setor florestal"}]},{"@type":"WebSite","@id":"https:\/\/fundoprimatera.org.br\/site\/#website","url":"https:\/\/fundoprimatera.org.br\/site\/","name":"Primatera Fundo Patrimonial","description":"Primatera Fundo Patrimonial","potentialAction":[{"@type":"SearchAction","target":{"@type":"EntryPoint","urlTemplate":"https:\/\/fundoprimatera.org.br\/site\/?s={search_term_string}"},"query-input":{"@type":"PropertyValueSpecification","valueRequired":true,"valueName":"search_term_string"}}],"inLanguage":"pt-BR"},{"@type":"Person","@id":"https:\/\/fundoprimatera.org.br\/site\/#\/schema\/person\/8b7ee45acf1fef955e60642576809df8","name":"Bruna Vernaschi","image":{"@type":"ImageObject","inLanguage":"pt-BR","@id":"https:\/\/secure.gravatar.com\/avatar\/c81bc79cd3e282d5b1f059421e66e8bf9745fff4f35653d7ede70706e4796ee8?s=96&d=mm&r=g","url":"https:\/\/secure.gravatar.com\/avatar\/c81bc79cd3e282d5b1f059421e66e8bf9745fff4f35653d7ede70706e4796ee8?s=96&d=mm&r=g","contentUrl":"https:\/\/secure.gravatar.com\/avatar\/c81bc79cd3e282d5b1f059421e66e8bf9745fff4f35653d7ede70706e4796ee8?s=96&d=mm&r=g","caption":"Bruna Vernaschi"},"url":"https:\/\/fundoprimatera.org.br\/site\/author\/bruna\/"}]}},"_links":{"self":[{"href":"https:\/\/fundoprimatera.org.br\/site\/wp-json\/wp\/v2\/posts\/2291","targetHints":{"allow":["GET"]}}],"collection":[{"href":"https:\/\/fundoprimatera.org.br\/site\/wp-json\/wp\/v2\/posts"}],"about":[{"href":"https:\/\/fundoprimatera.org.br\/site\/wp-json\/wp\/v2\/types\/post"}],"author":[{"embeddable":true,"href":"https:\/\/fundoprimatera.org.br\/site\/wp-json\/wp\/v2\/users\/2"}],"replies":[{"embeddable":true,"href":"https:\/\/fundoprimatera.org.br\/site\/wp-json\/wp\/v2\/comments?post=2291"}],"version-history":[{"count":3,"href":"https:\/\/fundoprimatera.org.br\/site\/wp-json\/wp\/v2\/posts\/2291\/revisions"}],"predecessor-version":[{"id":2299,"href":"https:\/\/fundoprimatera.org.br\/site\/wp-json\/wp\/v2\/posts\/2291\/revisions\/2299"}],"wp:featuredmedia":[{"embeddable":true,"href":"https:\/\/fundoprimatera.org.br\/site\/wp-json\/wp\/v2\/media\/2296"}],"wp:attachment":[{"href":"https:\/\/fundoprimatera.org.br\/site\/wp-json\/wp\/v2\/media?parent=2291"}],"wp:term":[{"taxonomy":"category","embeddable":true,"href":"https:\/\/fundoprimatera.org.br\/site\/wp-json\/wp\/v2\/categories?post=2291"},{"taxonomy":"post_tag","embeddable":true,"href":"https:\/\/fundoprimatera.org.br\/site\/wp-json\/wp\/v2\/tags?post=2291"}],"curies":[{"name":"wp","href":"https:\/\/api.w.org\/{rel}","templated":true}]}}