{"id":2279,"date":"2025-07-25T12:49:18","date_gmt":"2025-07-25T15:49:18","guid":{"rendered":"https:\/\/fundoprimatera.org.br\/site\/?p=2279"},"modified":"2025-07-25T12:49:18","modified_gmt":"2025-07-25T15:49:18","slug":"esg-na-pratica-por-que-investir-na-formacao-de-talentos-e-essencial","status":"publish","type":"post","link":"https:\/\/fundoprimatera.org.br\/site\/esg-na-pratica-por-que-investir-na-formacao-de-talentos-e-essencial\/","title":{"rendered":"ESG na pr\u00e1tica: por que investir na forma\u00e7\u00e3o de talentos \u00e9 essencial"},"content":{"rendered":"<p><span style=\"font-weight: 400;\">Nos \u00faltimos anos, o ESG se consolidou como uma agenda priorit\u00e1ria para empresas comprometidas com longevidade, reputa\u00e7\u00e3o e resultados. Mas, \u00e0 medida que a ado\u00e7\u00e3o do termo se espalha, cresce tamb\u00e9m o risco de que ele se esvazie em a\u00e7\u00f5es simb\u00f3licas, descoladas da realidade pr\u00e1tica, especialmente nos pilares social (S) e de governan\u00e7a (G), que seguem sendo os mais negligenciados em grande parte das estrat\u00e9gias.<\/span><\/p>\n<p><span style=\"font-weight: 400;\">\u00c9 nesse contexto que uma pergunta precisa ser feita: <\/span><b>que tipo de legado ESG realmente transforma o setor florestal e de bioprodutos a m\u00e9dio e longo prazo?<\/b><\/p>\n<p><span style=\"font-weight: 400;\">A resposta come\u00e7a por um tema pouco abordado, mas decisivo: <\/span><b>a <\/b><span style=\"color: #993300;\"><strong><a style=\"color: #993300;\" href=\"https:\/\/fundoprimatera.org.br\/site\/como-o-primatera-investe-na-formacao-de-profissionais\/\">forma\u00e7\u00e3o<\/a><\/strong><\/span><b> de capital humano<\/b><span style=\"font-weight: 400;\">.<\/span><\/p>\n<p><img fetchpriority=\"high\" decoding=\"async\" class=\"aligncenter size-full wp-image-2280\" src=\"https:\/\/fundoprimatera.org.br\/site\/wp-content\/uploads\/2025\/07\/imagens-para-ilustrar-o-arquivo4.png\" alt=\"\" width=\"981\" height=\"513\" srcset=\"https:\/\/fundoprimatera.org.br\/site\/wp-content\/uploads\/2025\/07\/imagens-para-ilustrar-o-arquivo4.png 981w, https:\/\/fundoprimatera.org.br\/site\/wp-content\/uploads\/2025\/07\/imagens-para-ilustrar-o-arquivo4-300x157.png 300w, https:\/\/fundoprimatera.org.br\/site\/wp-content\/uploads\/2025\/07\/imagens-para-ilustrar-o-arquivo4-768x402.png 768w\" sizes=\"(max-width: 981px) 100vw, 981px\" \/><\/p>\n<h2><b>ESG n\u00e3o se sustenta sem gente preparada<\/b><\/h2>\n<p><span style=\"font-weight: 400;\">Seja na implementa\u00e7\u00e3o de pr\u00e1ticas ambientais respons\u00e1veis, no avan\u00e7o de tecnologias verdes ou na constru\u00e7\u00e3o de cadeias produtivas \u00e9ticas, tudo passa por pessoas. Engenheiros florestais, pesquisadores, analistas de sustentabilidade e t\u00e9cnicos de campo s\u00e3o os verdadeiros operadores da agenda ESG nas <\/span><a href=\"https:\/\/fundoprimatera.org.br\/site\/por-que-sua-empresa-pode-fazer-a-diferenca-com-o-primatera\/\"><span style=\"font-weight: 400;\">empresas<\/span><\/a><span style=\"font-weight: 400;\">. Sem forma\u00e7\u00e3o qualificada e cont\u00ednua, qualquer esfor\u00e7o sustent\u00e1vel se torna superficial.<\/span><\/p>\n<p><span style=\"font-weight: 400;\">No entanto, <\/span><b>formar gente custa caro<\/b><span style=\"font-weight: 400;\">, e o setor p\u00fablico sozinho n\u00e3o d\u00e1 conta. O corte de verbas em universidades e institutos de pesquisa \u00e9 um problema cr\u00f4nico no Brasil. Isso significa que muitos talentos promissores abandonam a forma\u00e7\u00e3o por falta de recursos, e que as institui\u00e7\u00f5es formadoras t\u00eam dificuldade de atualizar curr\u00edculos, promover eventos t\u00e9cnicos e manter conex\u00e3o com a realidade industrial.<\/span><\/p>\n<p><span style=\"font-weight: 400;\">\u00c9 a\u00ed que o setor privado precisa atuar. E n\u00e3o como filantropia. Mas como <\/span><b>decis\u00e3o estrat\u00e9gica de sobreviv\u00eancia e competitividade<\/b><span style=\"font-weight: 400;\">.<\/span><\/p>\n<h2><b>Formar profissionais tamb\u00e9m \u00e9 responsabilidade social<\/b><\/h2>\n<p><span style=\"font-weight: 400;\">Pense nos desafios espec\u00edficos da sua opera\u00e7\u00e3o hoje: como implementar intelig\u00eancia clim\u00e1tica no manejo florestal? Como elevar a rastreabilidade da cadeia produtiva? Como adaptar sua estrat\u00e9gia \u00e0 press\u00e3o por carbono neutro e bioeconomia?<\/span><\/p>\n<p><span style=\"font-weight: 400;\">Nenhuma dessas perguntas tem resposta sem gente qualificada. Isso torna a <\/span><b>forma\u00e7\u00e3o t\u00e9cnica e acad\u00eamica<\/b><span style=\"font-weight: 400;\"> n\u00e3o apenas uma pauta educacional, mas um eixo de atua\u00e7\u00e3o direta no campo ESG.<\/span><\/p>\n<p><span style=\"font-weight: 400;\">A forma\u00e7\u00e3o de capital humano n\u00e3o apenas reduz desigualdades (ponto central do &#8220;S&#8221; de ESG), como garante que a ind\u00fastria tenha <\/span><b>ferramentas humanas para sustentar suas metas ambientais e inovar com responsabilidade<\/b><span style=\"font-weight: 400;\">.<\/span><\/p>\n<p><img decoding=\"async\" class=\"aligncenter size-full wp-image-2281\" src=\"https:\/\/fundoprimatera.org.br\/site\/wp-content\/uploads\/2025\/07\/imagens-para-ilustrar-o-arquivo3.png\" alt=\"\" width=\"981\" height=\"513\" srcset=\"https:\/\/fundoprimatera.org.br\/site\/wp-content\/uploads\/2025\/07\/imagens-para-ilustrar-o-arquivo3.png 981w, https:\/\/fundoprimatera.org.br\/site\/wp-content\/uploads\/2025\/07\/imagens-para-ilustrar-o-arquivo3-300x157.png 300w, https:\/\/fundoprimatera.org.br\/site\/wp-content\/uploads\/2025\/07\/imagens-para-ilustrar-o-arquivo3-768x402.png 768w\" sizes=\"(max-width: 981px) 100vw, 981px\" \/><\/p>\n<h2><b>O Primatera e o papel do setor florestal nessa equa\u00e7\u00e3o<\/b><\/h2>\n<p><span style=\"font-weight: 400;\">\u00c9 exatamente para responder a esse gargalo estrutural que existe o <\/span><a href=\"https:\/\/fundoprimatera.org.br\/site\/\"><span style=\"font-weight: 400;\">Primatera<\/span><\/a><span style=\"font-weight: 400;\">, um fundo patrimonial criado pelo setor florestal e de bioprodutos com o objetivo de financiar <\/span><b>bolsas de estudo, eventos t\u00e9cnicos e capacita\u00e7\u00f5es para estudantes promissores<\/b><span style=\"font-weight: 400;\">.<\/span><\/p>\n<p><span style=\"font-weight: 400;\">Ao doar para o Primatera, empresas e profissionais:<\/span><\/p>\n<ul>\n<li style=\"font-weight: 400;\" aria-level=\"1\"><span style=\"font-weight: 400;\">Ajudam a manter uma base s\u00f3lida de talentos para o futuro da ind\u00fastria;<\/span><span style=\"font-weight: 400;\">\n<p><\/span><\/li>\n<li style=\"font-weight: 400;\" aria-level=\"1\"><span style=\"font-weight: 400;\">Promovem impacto social com mensura\u00e7\u00e3o clara;<\/span><span style=\"font-weight: 400;\">\n<p><\/span><\/li>\n<li style=\"font-weight: 400;\" aria-level=\"1\"><span style=\"font-weight: 400;\">Alinham sua atua\u00e7\u00e3o \u00e0 agenda ESG de forma leg\u00edtima, sem greenwashing;<\/span><span style=\"font-weight: 400;\">\n<p><\/span><\/li>\n<li style=\"font-weight: 400;\" aria-level=\"1\"><span style=\"font-weight: 400;\">Fortalecem a inova\u00e7\u00e3o no setor a partir de conhecimento nacional e aplicado.<\/span><span style=\"font-weight: 400;\">\n<p><\/span><\/li>\n<\/ul>\n<p><b>A estrat\u00e9gia ESG que forma e transforma<\/b><\/p>\n<p><span style=\"font-weight: 400;\">Ao tornar-se parceiro de uma iniciativa como o Primatera, sua empresa deixa de apenas aderir ao ESG, e passa a estrutur\u00e1-lo na pr\u00e1tica. N\u00e3o se trata de adotar slogans ou a\u00e7\u00f5es isoladas. Trata-se de <\/span><b>preparar o ecossistema inteiro para os desafios das pr\u00f3ximas d\u00e9cadas<\/b><span style=\"font-weight: 400;\">.<\/span><\/p>\n<p><span style=\"font-weight: 400;\">E, nesse cen\u00e1rio, quem investir em gente estar\u00e1 sempre um passo \u00e0 frente.<\/span><\/p>\n<p><b>Apoiar a forma\u00e7\u00e3o de talentos \u00e9 um dos atos ESG mais s\u00e9rios, concretos e estrat\u00e9gicos que sua empresa pode realizar.<\/b><\/p>\n<p><span style=\"font-weight: 400;\">Quer saber como fazer isso com governan\u00e7a, impacto e retorno institucional?<\/span><span style=\"font-weight: 400;\"><br \/>\n<\/span><span style=\"font-weight: 400;\">Acesse<\/span><span style=\"color: #993300;\"><strong><a style=\"color: #993300;\" href=\"https:\/\/fundoprimatera.org.br\"> fundoprimatera.org.br<\/a><\/strong><\/span><span style=\"font-weight: 400;\"> e fa\u00e7a seu aporte.\u00a0<\/span><\/p>\n","protected":false},"excerpt":{"rendered":"<p>Nos \u00faltimos anos, o ESG se consolidou como uma agenda priorit\u00e1ria para empresas comprometidas com longevidade, reputa\u00e7\u00e3o e resultados. Mas, \u00e0 medida que a ado\u00e7\u00e3o do termo se espalha, cresce tamb\u00e9m o risco de que ele se esvazie em a\u00e7\u00f5es simb\u00f3licas, descoladas da realidade pr\u00e1tica, especialmente nos pilares social (S) e de governan\u00e7a (G), que [&hellip;]<\/p>\n","protected":false},"author":2,"featured_media":2282,"comment_status":"open","ping_status":"closed","sticky":false,"template":"","format":"standard","meta":{"footnotes":""},"categories":[1],"tags":[],"class_list":["post-2279","post","type-post","status-publish","format-standard","has-post-thumbnail","hentry","category-sem-categoria"],"yoast_head":"<!-- This site is optimized with the Yoast SEO plugin v27.5 - https:\/\/yoast.com\/product\/yoast-seo-wordpress\/ -->\n<title>ESG na pr\u00e1tica: por que investir na forma\u00e7\u00e3o de talentos \u00e9 essencial - Primatera Fundo Patrimonial<\/title>\n<meta name=\"robots\" content=\"index, follow, max-snippet:-1, max-image-preview:large, max-video-preview:-1\" \/>\n<link rel=\"canonical\" href=\"https:\/\/fundoprimatera.org.br\/site\/esg-na-pratica-por-que-investir-na-formacao-de-talentos-e-essencial\/\" \/>\n<meta property=\"og:locale\" content=\"pt_BR\" \/>\n<meta property=\"og:type\" content=\"article\" \/>\n<meta property=\"og:title\" content=\"ESG na pr\u00e1tica: por que investir na forma\u00e7\u00e3o de talentos \u00e9 essencial - Primatera Fundo Patrimonial\" \/>\n<meta property=\"og:description\" content=\"Nos \u00faltimos anos, o ESG se consolidou como uma agenda priorit\u00e1ria para empresas comprometidas com longevidade, reputa\u00e7\u00e3o e resultados. Mas, \u00e0 medida que a ado\u00e7\u00e3o do termo se espalha, cresce tamb\u00e9m o risco de que ele se esvazie em a\u00e7\u00f5es simb\u00f3licas, descoladas da realidade pr\u00e1tica, especialmente nos pilares social (S) e de governan\u00e7a (G), que [&hellip;]\" \/>\n<meta property=\"og:url\" content=\"https:\/\/fundoprimatera.org.br\/site\/esg-na-pratica-por-que-investir-na-formacao-de-talentos-e-essencial\/\" \/>\n<meta property=\"og:site_name\" content=\"Primatera Fundo Patrimonial\" \/>\n<meta property=\"article:published_time\" content=\"2025-07-25T15:49:18+00:00\" \/>\n<meta property=\"og:image\" content=\"https:\/\/fundoprimatera.org.br\/site\/wp-content\/uploads\/2025\/07\/Capa-Blog_Prancheta-1-scaled.jpg\" \/>\n\t<meta property=\"og:image:width\" content=\"2560\" \/>\n\t<meta property=\"og:image:height\" content=\"1700\" \/>\n\t<meta property=\"og:image:type\" content=\"image\/jpeg\" \/>\n<meta name=\"author\" content=\"Bruna Vernaschi\" \/>\n<meta name=\"twitter:card\" content=\"summary_large_image\" \/>\n<meta name=\"twitter:label1\" content=\"Escrito por\" \/>\n\t<meta name=\"twitter:data1\" content=\"Bruna Vernaschi\" \/>\n\t<meta name=\"twitter:label2\" content=\"Est. tempo de leitura\" \/>\n\t<meta name=\"twitter:data2\" content=\"4 minutos\" \/>\n<script type=\"application\/ld+json\" class=\"yoast-schema-graph\">{\"@context\":\"https:\\\/\\\/schema.org\",\"@graph\":[{\"@type\":\"Article\",\"@id\":\"https:\\\/\\\/fundoprimatera.org.br\\\/site\\\/esg-na-pratica-por-que-investir-na-formacao-de-talentos-e-essencial\\\/#article\",\"isPartOf\":{\"@id\":\"https:\\\/\\\/fundoprimatera.org.br\\\/site\\\/esg-na-pratica-por-que-investir-na-formacao-de-talentos-e-essencial\\\/\"},\"author\":{\"name\":\"Bruna Vernaschi\",\"@id\":\"https:\\\/\\\/fundoprimatera.org.br\\\/site\\\/#\\\/schema\\\/person\\\/8b7ee45acf1fef955e60642576809df8\"},\"headline\":\"ESG na pr\u00e1tica: por que investir na forma\u00e7\u00e3o de talentos \u00e9 essencial\",\"datePublished\":\"2025-07-25T15:49:18+00:00\",\"mainEntityOfPage\":{\"@id\":\"https:\\\/\\\/fundoprimatera.org.br\\\/site\\\/esg-na-pratica-por-que-investir-na-formacao-de-talentos-e-essencial\\\/\"},\"wordCount\":627,\"commentCount\":0,\"image\":{\"@id\":\"https:\\\/\\\/fundoprimatera.org.br\\\/site\\\/esg-na-pratica-por-que-investir-na-formacao-de-talentos-e-essencial\\\/#primaryimage\"},\"thumbnailUrl\":\"https:\\\/\\\/fundoprimatera.org.br\\\/site\\\/wp-content\\\/uploads\\\/2025\\\/07\\\/Capa-Blog_Prancheta-1-scaled.jpg\",\"inLanguage\":\"pt-BR\",\"potentialAction\":[{\"@type\":\"CommentAction\",\"name\":\"Comment\",\"target\":[\"https:\\\/\\\/fundoprimatera.org.br\\\/site\\\/esg-na-pratica-por-que-investir-na-formacao-de-talentos-e-essencial\\\/#respond\"]}]},{\"@type\":\"WebPage\",\"@id\":\"https:\\\/\\\/fundoprimatera.org.br\\\/site\\\/esg-na-pratica-por-que-investir-na-formacao-de-talentos-e-essencial\\\/\",\"url\":\"https:\\\/\\\/fundoprimatera.org.br\\\/site\\\/esg-na-pratica-por-que-investir-na-formacao-de-talentos-e-essencial\\\/\",\"name\":\"ESG na pr\u00e1tica: por que investir na forma\u00e7\u00e3o de talentos \u00e9 essencial - Primatera Fundo Patrimonial\",\"isPartOf\":{\"@id\":\"https:\\\/\\\/fundoprimatera.org.br\\\/site\\\/#website\"},\"primaryImageOfPage\":{\"@id\":\"https:\\\/\\\/fundoprimatera.org.br\\\/site\\\/esg-na-pratica-por-que-investir-na-formacao-de-talentos-e-essencial\\\/#primaryimage\"},\"image\":{\"@id\":\"https:\\\/\\\/fundoprimatera.org.br\\\/site\\\/esg-na-pratica-por-que-investir-na-formacao-de-talentos-e-essencial\\\/#primaryimage\"},\"thumbnailUrl\":\"https:\\\/\\\/fundoprimatera.org.br\\\/site\\\/wp-content\\\/uploads\\\/2025\\\/07\\\/Capa-Blog_Prancheta-1-scaled.jpg\",\"datePublished\":\"2025-07-25T15:49:18+00:00\",\"author\":{\"@id\":\"https:\\\/\\\/fundoprimatera.org.br\\\/site\\\/#\\\/schema\\\/person\\\/8b7ee45acf1fef955e60642576809df8\"},\"breadcrumb\":{\"@id\":\"https:\\\/\\\/fundoprimatera.org.br\\\/site\\\/esg-na-pratica-por-que-investir-na-formacao-de-talentos-e-essencial\\\/#breadcrumb\"},\"inLanguage\":\"pt-BR\",\"potentialAction\":[{\"@type\":\"ReadAction\",\"target\":[\"https:\\\/\\\/fundoprimatera.org.br\\\/site\\\/esg-na-pratica-por-que-investir-na-formacao-de-talentos-e-essencial\\\/\"]}]},{\"@type\":\"ImageObject\",\"inLanguage\":\"pt-BR\",\"@id\":\"https:\\\/\\\/fundoprimatera.org.br\\\/site\\\/esg-na-pratica-por-que-investir-na-formacao-de-talentos-e-essencial\\\/#primaryimage\",\"url\":\"https:\\\/\\\/fundoprimatera.org.br\\\/site\\\/wp-content\\\/uploads\\\/2025\\\/07\\\/Capa-Blog_Prancheta-1-scaled.jpg\",\"contentUrl\":\"https:\\\/\\\/fundoprimatera.org.br\\\/site\\\/wp-content\\\/uploads\\\/2025\\\/07\\\/Capa-Blog_Prancheta-1-scaled.jpg\",\"width\":2560,\"height\":1700},{\"@type\":\"BreadcrumbList\",\"@id\":\"https:\\\/\\\/fundoprimatera.org.br\\\/site\\\/esg-na-pratica-por-que-investir-na-formacao-de-talentos-e-essencial\\\/#breadcrumb\",\"itemListElement\":[{\"@type\":\"ListItem\",\"position\":1,\"name\":\"In\u00edcio\",\"item\":\"https:\\\/\\\/fundoprimatera.org.br\\\/site\\\/\"},{\"@type\":\"ListItem\",\"position\":2,\"name\":\"ESG na pr\u00e1tica: por que investir na forma\u00e7\u00e3o de talentos \u00e9 essencial\"}]},{\"@type\":\"WebSite\",\"@id\":\"https:\\\/\\\/fundoprimatera.org.br\\\/site\\\/#website\",\"url\":\"https:\\\/\\\/fundoprimatera.org.br\\\/site\\\/\",\"name\":\"Primatera Fundo Patrimonial\",\"description\":\"Primatera Fundo Patrimonial\",\"potentialAction\":[{\"@type\":\"SearchAction\",\"target\":{\"@type\":\"EntryPoint\",\"urlTemplate\":\"https:\\\/\\\/fundoprimatera.org.br\\\/site\\\/?s={search_term_string}\"},\"query-input\":{\"@type\":\"PropertyValueSpecification\",\"valueRequired\":true,\"valueName\":\"search_term_string\"}}],\"inLanguage\":\"pt-BR\"},{\"@type\":\"Person\",\"@id\":\"https:\\\/\\\/fundoprimatera.org.br\\\/site\\\/#\\\/schema\\\/person\\\/8b7ee45acf1fef955e60642576809df8\",\"name\":\"Bruna Vernaschi\",\"image\":{\"@type\":\"ImageObject\",\"inLanguage\":\"pt-BR\",\"@id\":\"https:\\\/\\\/secure.gravatar.com\\\/avatar\\\/c81bc79cd3e282d5b1f059421e66e8bf9745fff4f35653d7ede70706e4796ee8?s=96&d=mm&r=g\",\"url\":\"https:\\\/\\\/secure.gravatar.com\\\/avatar\\\/c81bc79cd3e282d5b1f059421e66e8bf9745fff4f35653d7ede70706e4796ee8?s=96&d=mm&r=g\",\"contentUrl\":\"https:\\\/\\\/secure.gravatar.com\\\/avatar\\\/c81bc79cd3e282d5b1f059421e66e8bf9745fff4f35653d7ede70706e4796ee8?s=96&d=mm&r=g\",\"caption\":\"Bruna Vernaschi\"},\"url\":\"https:\\\/\\\/fundoprimatera.org.br\\\/site\\\/author\\\/bruna\\\/\"}]}<\/script>\n<!-- \/ Yoast SEO plugin. -->","yoast_head_json":{"title":"ESG na pr\u00e1tica: por que investir na forma\u00e7\u00e3o de talentos \u00e9 essencial - Primatera Fundo Patrimonial","robots":{"index":"index","follow":"follow","max-snippet":"max-snippet:-1","max-image-preview":"max-image-preview:large","max-video-preview":"max-video-preview:-1"},"canonical":"https:\/\/fundoprimatera.org.br\/site\/esg-na-pratica-por-que-investir-na-formacao-de-talentos-e-essencial\/","og_locale":"pt_BR","og_type":"article","og_title":"ESG na pr\u00e1tica: por que investir na forma\u00e7\u00e3o de talentos \u00e9 essencial - Primatera Fundo Patrimonial","og_description":"Nos \u00faltimos anos, o ESG se consolidou como uma agenda priorit\u00e1ria para empresas comprometidas com longevidade, reputa\u00e7\u00e3o e resultados. Mas, \u00e0 medida que a ado\u00e7\u00e3o do termo se espalha, cresce tamb\u00e9m o risco de que ele se esvazie em a\u00e7\u00f5es simb\u00f3licas, descoladas da realidade pr\u00e1tica, especialmente nos pilares social (S) e de governan\u00e7a (G), que [&hellip;]","og_url":"https:\/\/fundoprimatera.org.br\/site\/esg-na-pratica-por-que-investir-na-formacao-de-talentos-e-essencial\/","og_site_name":"Primatera Fundo Patrimonial","article_published_time":"2025-07-25T15:49:18+00:00","og_image":[{"width":2560,"height":1700,"url":"https:\/\/fundoprimatera.org.br\/site\/wp-content\/uploads\/2025\/07\/Capa-Blog_Prancheta-1-scaled.jpg","type":"image\/jpeg"}],"author":"Bruna Vernaschi","twitter_card":"summary_large_image","twitter_misc":{"Escrito por":"Bruna Vernaschi","Est. tempo de leitura":"4 minutos"},"schema":{"@context":"https:\/\/schema.org","@graph":[{"@type":"Article","@id":"https:\/\/fundoprimatera.org.br\/site\/esg-na-pratica-por-que-investir-na-formacao-de-talentos-e-essencial\/#article","isPartOf":{"@id":"https:\/\/fundoprimatera.org.br\/site\/esg-na-pratica-por-que-investir-na-formacao-de-talentos-e-essencial\/"},"author":{"name":"Bruna Vernaschi","@id":"https:\/\/fundoprimatera.org.br\/site\/#\/schema\/person\/8b7ee45acf1fef955e60642576809df8"},"headline":"ESG na pr\u00e1tica: por que investir na forma\u00e7\u00e3o de talentos \u00e9 essencial","datePublished":"2025-07-25T15:49:18+00:00","mainEntityOfPage":{"@id":"https:\/\/fundoprimatera.org.br\/site\/esg-na-pratica-por-que-investir-na-formacao-de-talentos-e-essencial\/"},"wordCount":627,"commentCount":0,"image":{"@id":"https:\/\/fundoprimatera.org.br\/site\/esg-na-pratica-por-que-investir-na-formacao-de-talentos-e-essencial\/#primaryimage"},"thumbnailUrl":"https:\/\/fundoprimatera.org.br\/site\/wp-content\/uploads\/2025\/07\/Capa-Blog_Prancheta-1-scaled.jpg","inLanguage":"pt-BR","potentialAction":[{"@type":"CommentAction","name":"Comment","target":["https:\/\/fundoprimatera.org.br\/site\/esg-na-pratica-por-que-investir-na-formacao-de-talentos-e-essencial\/#respond"]}]},{"@type":"WebPage","@id":"https:\/\/fundoprimatera.org.br\/site\/esg-na-pratica-por-que-investir-na-formacao-de-talentos-e-essencial\/","url":"https:\/\/fundoprimatera.org.br\/site\/esg-na-pratica-por-que-investir-na-formacao-de-talentos-e-essencial\/","name":"ESG na pr\u00e1tica: por que investir na forma\u00e7\u00e3o de talentos \u00e9 essencial - Primatera Fundo Patrimonial","isPartOf":{"@id":"https:\/\/fundoprimatera.org.br\/site\/#website"},"primaryImageOfPage":{"@id":"https:\/\/fundoprimatera.org.br\/site\/esg-na-pratica-por-que-investir-na-formacao-de-talentos-e-essencial\/#primaryimage"},"image":{"@id":"https:\/\/fundoprimatera.org.br\/site\/esg-na-pratica-por-que-investir-na-formacao-de-talentos-e-essencial\/#primaryimage"},"thumbnailUrl":"https:\/\/fundoprimatera.org.br\/site\/wp-content\/uploads\/2025\/07\/Capa-Blog_Prancheta-1-scaled.jpg","datePublished":"2025-07-25T15:49:18+00:00","author":{"@id":"https:\/\/fundoprimatera.org.br\/site\/#\/schema\/person\/8b7ee45acf1fef955e60642576809df8"},"breadcrumb":{"@id":"https:\/\/fundoprimatera.org.br\/site\/esg-na-pratica-por-que-investir-na-formacao-de-talentos-e-essencial\/#breadcrumb"},"inLanguage":"pt-BR","potentialAction":[{"@type":"ReadAction","target":["https:\/\/fundoprimatera.org.br\/site\/esg-na-pratica-por-que-investir-na-formacao-de-talentos-e-essencial\/"]}]},{"@type":"ImageObject","inLanguage":"pt-BR","@id":"https:\/\/fundoprimatera.org.br\/site\/esg-na-pratica-por-que-investir-na-formacao-de-talentos-e-essencial\/#primaryimage","url":"https:\/\/fundoprimatera.org.br\/site\/wp-content\/uploads\/2025\/07\/Capa-Blog_Prancheta-1-scaled.jpg","contentUrl":"https:\/\/fundoprimatera.org.br\/site\/wp-content\/uploads\/2025\/07\/Capa-Blog_Prancheta-1-scaled.jpg","width":2560,"height":1700},{"@type":"BreadcrumbList","@id":"https:\/\/fundoprimatera.org.br\/site\/esg-na-pratica-por-que-investir-na-formacao-de-talentos-e-essencial\/#breadcrumb","itemListElement":[{"@type":"ListItem","position":1,"name":"In\u00edcio","item":"https:\/\/fundoprimatera.org.br\/site\/"},{"@type":"ListItem","position":2,"name":"ESG na pr\u00e1tica: por que investir na forma\u00e7\u00e3o de talentos \u00e9 essencial"}]},{"@type":"WebSite","@id":"https:\/\/fundoprimatera.org.br\/site\/#website","url":"https:\/\/fundoprimatera.org.br\/site\/","name":"Primatera Fundo Patrimonial","description":"Primatera Fundo Patrimonial","potentialAction":[{"@type":"SearchAction","target":{"@type":"EntryPoint","urlTemplate":"https:\/\/fundoprimatera.org.br\/site\/?s={search_term_string}"},"query-input":{"@type":"PropertyValueSpecification","valueRequired":true,"valueName":"search_term_string"}}],"inLanguage":"pt-BR"},{"@type":"Person","@id":"https:\/\/fundoprimatera.org.br\/site\/#\/schema\/person\/8b7ee45acf1fef955e60642576809df8","name":"Bruna Vernaschi","image":{"@type":"ImageObject","inLanguage":"pt-BR","@id":"https:\/\/secure.gravatar.com\/avatar\/c81bc79cd3e282d5b1f059421e66e8bf9745fff4f35653d7ede70706e4796ee8?s=96&d=mm&r=g","url":"https:\/\/secure.gravatar.com\/avatar\/c81bc79cd3e282d5b1f059421e66e8bf9745fff4f35653d7ede70706e4796ee8?s=96&d=mm&r=g","contentUrl":"https:\/\/secure.gravatar.com\/avatar\/c81bc79cd3e282d5b1f059421e66e8bf9745fff4f35653d7ede70706e4796ee8?s=96&d=mm&r=g","caption":"Bruna Vernaschi"},"url":"https:\/\/fundoprimatera.org.br\/site\/author\/bruna\/"}]}},"_links":{"self":[{"href":"https:\/\/fundoprimatera.org.br\/site\/wp-json\/wp\/v2\/posts\/2279","targetHints":{"allow":["GET"]}}],"collection":[{"href":"https:\/\/fundoprimatera.org.br\/site\/wp-json\/wp\/v2\/posts"}],"about":[{"href":"https:\/\/fundoprimatera.org.br\/site\/wp-json\/wp\/v2\/types\/post"}],"author":[{"embeddable":true,"href":"https:\/\/fundoprimatera.org.br\/site\/wp-json\/wp\/v2\/users\/2"}],"replies":[{"embeddable":true,"href":"https:\/\/fundoprimatera.org.br\/site\/wp-json\/wp\/v2\/comments?post=2279"}],"version-history":[{"count":1,"href":"https:\/\/fundoprimatera.org.br\/site\/wp-json\/wp\/v2\/posts\/2279\/revisions"}],"predecessor-version":[{"id":2283,"href":"https:\/\/fundoprimatera.org.br\/site\/wp-json\/wp\/v2\/posts\/2279\/revisions\/2283"}],"wp:featuredmedia":[{"embeddable":true,"href":"https:\/\/fundoprimatera.org.br\/site\/wp-json\/wp\/v2\/media\/2282"}],"wp:attachment":[{"href":"https:\/\/fundoprimatera.org.br\/site\/wp-json\/wp\/v2\/media?parent=2279"}],"wp:term":[{"taxonomy":"category","embeddable":true,"href":"https:\/\/fundoprimatera.org.br\/site\/wp-json\/wp\/v2\/categories?post=2279"},{"taxonomy":"post_tag","embeddable":true,"href":"https:\/\/fundoprimatera.org.br\/site\/wp-json\/wp\/v2\/tags?post=2279"}],"curies":[{"name":"wp","href":"https:\/\/api.w.org\/{rel}","templated":true}]}}