{"id":2253,"date":"2025-06-27T14:37:05","date_gmt":"2025-06-27T17:37:05","guid":{"rendered":"https:\/\/fundoprimatera.org.br\/site\/?p=2253"},"modified":"2025-06-27T14:37:05","modified_gmt":"2025-06-27T17:37:05","slug":"como-o-primatera-investe-na-formacao-de-profissionais","status":"publish","type":"post","link":"https:\/\/fundoprimatera.org.br\/site\/como-o-primatera-investe-na-formacao-de-profissionais\/","title":{"rendered":"Como o Primatera investe na forma\u00e7\u00e3o de profissionais?\u00a0"},"content":{"rendered":"<p><span style=\"font-weight: 400;\">A produtividade, a inova\u00e7\u00e3o e a sustentabilidade do setor florestal brasileiro s\u00e3o reconhecidas internacionalmente. Mas nenhuma dessas conquistas se sustenta no longo prazo sem um fator essencial: <\/span><b>profissionais preparados.<\/b><\/p>\n<p><span style=\"font-weight: 400;\">Quem est\u00e1 no dia a dia da opera\u00e7\u00e3o, da gest\u00e3o ou da pesquisa sabe: n\u00e3o \u00e9 simples encontrar profissionais com forma\u00e7\u00e3o s\u00f3lida, vis\u00e3o de mercado e capacidade de atuar com responsabilidade e inova\u00e7\u00e3o.<\/span><\/p>\n<p><span style=\"font-weight: 400;\">Essa lacuna n\u00e3o \u00e9 nova e tamb\u00e9m n\u00e3o vai se resolver sozinha. <\/span><b>\u00c9 aqui que o Primatera entra.<\/b><\/p>\n<p><img fetchpriority=\"high\" decoding=\"async\" class=\"aligncenter size-full wp-image-2254\" src=\"https:\/\/fundoprimatera.org.br\/site\/wp-content\/uploads\/2025\/06\/imagens-para-ilustrar-o-arquivo.png\" alt=\"\" width=\"981\" height=\"513\" srcset=\"https:\/\/fundoprimatera.org.br\/site\/wp-content\/uploads\/2025\/06\/imagens-para-ilustrar-o-arquivo.png 981w, https:\/\/fundoprimatera.org.br\/site\/wp-content\/uploads\/2025\/06\/imagens-para-ilustrar-o-arquivo-300x157.png 300w, https:\/\/fundoprimatera.org.br\/site\/wp-content\/uploads\/2025\/06\/imagens-para-ilustrar-o-arquivo-768x402.png 768w\" sizes=\"(max-width: 981px) 100vw, 981px\" \/><\/p>\n<h2><b>O que o Primatera faz?<\/b><\/h2>\n<p><span style=\"font-weight: 400;\">O Primatera \u00e9 um fundo patrimonial criado pelo pr\u00f3prio setor florestal e de bioprodutos. Nosso objetivo \u00e9 <\/span><b>formar profissionais preparados para os desafios reais da ind\u00fastria, da ci\u00eancia e da sustentabilidade<\/b><span style=\"font-weight: 400;\">. Apoiamos estudantes e jovens profissionais de forma pr\u00e1tica, com recursos aplicados com crit\u00e9rio, foco e responsabilidade:<\/span><\/p>\n<ul>\n<li style=\"font-weight: 400;\" aria-level=\"1\"><b>Concedemos bolsas de estudo<\/b><span style=\"font-weight: 400;\"> para que alunos talentosos n\u00e3o abandonem a universidade por quest\u00f5es financeiras;<\/span><span style=\"font-weight: 400;\">\n<p><\/span><\/li>\n<li style=\"font-weight: 400;\" aria-level=\"1\"><b>Oferecemos mentorias e orienta\u00e7\u00e3o profissional<\/b><span style=\"font-weight: 400;\">, conectando quem est\u00e1 come\u00e7ando com quem j\u00e1 percorreu esse caminho;<\/span><span style=\"font-weight: 400;\">\n<p><\/span><\/li>\n<li style=\"font-weight: 400;\" aria-level=\"1\"><b>Financiamos a participa\u00e7\u00e3o em congressos e eventos t\u00e9cnicos<\/b><span style=\"font-weight: 400;\">, onde os bolsistas ampliam repert\u00f3rio e criam conex\u00f5es com o setor;<\/span><span style=\"font-weight: 400;\">\n<p><\/span><\/li>\n<li style=\"font-weight: 400;\" aria-level=\"1\"><b>Investimos em capacita\u00e7\u00f5es e treinamentos t\u00e9cnicos<\/b><span style=\"font-weight: 400;\">, preparando os jovens para atuar no campo, nas ind\u00fastrias, nas empresas e na pesquisa.<\/span><\/li>\n<\/ul>\n<p><span style=\"font-weight: 400;\">Nosso compromisso \u00e9 com impacto real. Cada recurso investido retorna na forma de preparo, consist\u00eancia e renova\u00e7\u00e3o de quadros t\u00e9cnicos no setor.<\/span><\/p>\n<p><img decoding=\"async\" class=\"aligncenter size-full wp-image-2255\" src=\"https:\/\/fundoprimatera.org.br\/site\/wp-content\/uploads\/2025\/06\/imagens-para-ilustrar-o-arquivo3.png\" alt=\"\" width=\"981\" height=\"513\" srcset=\"https:\/\/fundoprimatera.org.br\/site\/wp-content\/uploads\/2025\/06\/imagens-para-ilustrar-o-arquivo3.png 981w, https:\/\/fundoprimatera.org.br\/site\/wp-content\/uploads\/2025\/06\/imagens-para-ilustrar-o-arquivo3-300x157.png 300w, https:\/\/fundoprimatera.org.br\/site\/wp-content\/uploads\/2025\/06\/imagens-para-ilustrar-o-arquivo3-768x402.png 768w\" sizes=\"(max-width: 981px) 100vw, 981px\" \/><\/p>\n<h2><b>Por que isso importa?<\/b><\/h2>\n<p><span style=\"font-weight: 400;\">Porque o setor florestal s\u00f3 se sustenta se houver pessoas \u00e0 altura dos desafios que v\u00eam pela frente. Investir em forma\u00e7\u00e3o n\u00e3o \u00e9 caridade. \u00c9 intelig\u00eancia de longo prazo.<\/span><\/p>\n<p><span style=\"font-weight: 400;\">Os profissionais que hoje lideram empresas, projetos e transforma\u00e7\u00f5es passaram, em algum momento, por uma ponte de apoio, seja uma bolsa, uma indica\u00e7\u00e3o, uma mentoria. Hoje, s\u00e3o essas pessoas e empresas que podem estender a m\u00e3o de volta.<\/span><\/p>\n<p><span style=\"font-weight: 400;\">Empresas e lideran\u00e7as que compreendem isso sabem: apoiar a forma\u00e7\u00e3o de novos profissionais \u00e9 uma decis\u00e3o estrat\u00e9gica. \u00c9 garantir continuidade e preservar o n\u00edvel t\u00e9cnico que fez o Brasil ser refer\u00eancia mundial. \u00c9 pensar no legado do setor.<\/span><\/p>\n<p><img decoding=\"async\" class=\"aligncenter size-full wp-image-2256\" src=\"https:\/\/fundoprimatera.org.br\/site\/wp-content\/uploads\/2025\/06\/imagens-para-ilustrar-o-arquivo4.png\" alt=\"\" width=\"981\" height=\"513\" srcset=\"https:\/\/fundoprimatera.org.br\/site\/wp-content\/uploads\/2025\/06\/imagens-para-ilustrar-o-arquivo4.png 981w, https:\/\/fundoprimatera.org.br\/site\/wp-content\/uploads\/2025\/06\/imagens-para-ilustrar-o-arquivo4-300x157.png 300w, https:\/\/fundoprimatera.org.br\/site\/wp-content\/uploads\/2025\/06\/imagens-para-ilustrar-o-arquivo4-768x402.png 768w\" sizes=\"(max-width: 981px) 100vw, 981px\" \/><\/p>\n<h2><b>Junte-se a quem constr\u00f3i o futuro<\/b><\/h2>\n<p><span style=\"font-weight: 400;\">O Primatera opera com <\/span><b>transpar\u00eancia, governan\u00e7a s\u00f3lida e impacto mensur\u00e1vel<\/b><span style=\"font-weight: 400;\">. Cada real doado se transforma em oportunidades reais para estudantes em forma\u00e7\u00e3o e para o fortalecimento do ecossistema florestal como um todo.<\/span><\/p>\n<p><span style=\"font-weight: 400;\">Voc\u00ea, como profissional ou empresa, pode contribuir. E essa contribui\u00e7\u00e3o ajuda a garantir que o setor continue sendo refer\u00eancia, n\u00e3o apenas em produtividade, mas tamb\u00e9m em forma\u00e7\u00e3o de excel\u00eancia.<\/span><\/p>\n<p>Saiba como apoiar <span style=\"color: #ff6600;\"><a style=\"color: #ff6600;\" href=\"http:\/\/fundoprimatera.org.br\"><b>AQUI<\/b><\/a><\/span><b>.<\/b> Vamos juntos construir um setor ainda mais forte.<\/p>\n","protected":false},"excerpt":{"rendered":"<p>A produtividade, a inova\u00e7\u00e3o e a sustentabilidade do setor florestal brasileiro s\u00e3o reconhecidas internacionalmente. Mas nenhuma dessas conquistas se sustenta no longo prazo sem um fator essencial: profissionais preparados. Quem est\u00e1 no dia a dia da opera\u00e7\u00e3o, da gest\u00e3o ou da pesquisa sabe: n\u00e3o \u00e9 simples encontrar profissionais com forma\u00e7\u00e3o s\u00f3lida, vis\u00e3o de mercado e [&hellip;]<\/p>\n","protected":false},"author":2,"featured_media":2257,"comment_status":"open","ping_status":"closed","sticky":false,"template":"","format":"standard","meta":{"footnotes":""},"categories":[1],"tags":[],"class_list":["post-2253","post","type-post","status-publish","format-standard","has-post-thumbnail","hentry","category-sem-categoria"],"yoast_head":"<!-- This site is optimized with the Yoast SEO plugin v27.5 - https:\/\/yoast.com\/product\/yoast-seo-wordpress\/ -->\n<title>Como o Primatera investe na forma\u00e7\u00e3o de profissionais?\u00a0 - Primatera Fundo Patrimonial<\/title>\n<meta name=\"robots\" content=\"index, follow, max-snippet:-1, max-image-preview:large, max-video-preview:-1\" \/>\n<link rel=\"canonical\" href=\"https:\/\/fundoprimatera.org.br\/site\/como-o-primatera-investe-na-formacao-de-profissionais\/\" \/>\n<meta property=\"og:locale\" content=\"pt_BR\" \/>\n<meta property=\"og:type\" content=\"article\" \/>\n<meta property=\"og:title\" content=\"Como o Primatera investe na forma\u00e7\u00e3o de profissionais?\u00a0 - Primatera Fundo Patrimonial\" \/>\n<meta property=\"og:description\" content=\"A produtividade, a inova\u00e7\u00e3o e a sustentabilidade do setor florestal brasileiro s\u00e3o reconhecidas internacionalmente. Mas nenhuma dessas conquistas se sustenta no longo prazo sem um fator essencial: profissionais preparados. Quem est\u00e1 no dia a dia da opera\u00e7\u00e3o, da gest\u00e3o ou da pesquisa sabe: n\u00e3o \u00e9 simples encontrar profissionais com forma\u00e7\u00e3o s\u00f3lida, vis\u00e3o de mercado e [&hellip;]\" \/>\n<meta property=\"og:url\" content=\"https:\/\/fundoprimatera.org.br\/site\/como-o-primatera-investe-na-formacao-de-profissionais\/\" \/>\n<meta property=\"og:site_name\" content=\"Primatera Fundo Patrimonial\" \/>\n<meta property=\"article:published_time\" content=\"2025-06-27T17:37:05+00:00\" \/>\n<meta property=\"og:image\" content=\"https:\/\/fundoprimatera.org.br\/site\/wp-content\/uploads\/2025\/06\/Capa-Blog_Prancheta-1-scaled.jpg\" \/>\n\t<meta property=\"og:image:width\" content=\"2560\" \/>\n\t<meta property=\"og:image:height\" content=\"1700\" \/>\n\t<meta property=\"og:image:type\" content=\"image\/jpeg\" \/>\n<meta name=\"author\" content=\"Bruna Vernaschi\" \/>\n<meta name=\"twitter:card\" content=\"summary_large_image\" \/>\n<meta name=\"twitter:label1\" content=\"Escrito por\" \/>\n\t<meta name=\"twitter:data1\" content=\"Bruna Vernaschi\" \/>\n\t<meta name=\"twitter:label2\" content=\"Est. tempo de leitura\" \/>\n\t<meta name=\"twitter:data2\" content=\"4 minutos\" \/>\n<script type=\"application\/ld+json\" class=\"yoast-schema-graph\">{\"@context\":\"https:\\\/\\\/schema.org\",\"@graph\":[{\"@type\":\"Article\",\"@id\":\"https:\\\/\\\/fundoprimatera.org.br\\\/site\\\/como-o-primatera-investe-na-formacao-de-profissionais\\\/#article\",\"isPartOf\":{\"@id\":\"https:\\\/\\\/fundoprimatera.org.br\\\/site\\\/como-o-primatera-investe-na-formacao-de-profissionais\\\/\"},\"author\":{\"name\":\"Bruna Vernaschi\",\"@id\":\"https:\\\/\\\/fundoprimatera.org.br\\\/site\\\/#\\\/schema\\\/person\\\/8b7ee45acf1fef955e60642576809df8\"},\"headline\":\"Como o Primatera investe na forma\u00e7\u00e3o de profissionais?\u00a0\",\"datePublished\":\"2025-06-27T17:37:05+00:00\",\"mainEntityOfPage\":{\"@id\":\"https:\\\/\\\/fundoprimatera.org.br\\\/site\\\/como-o-primatera-investe-na-formacao-de-profissionais\\\/\"},\"wordCount\":466,\"commentCount\":0,\"image\":{\"@id\":\"https:\\\/\\\/fundoprimatera.org.br\\\/site\\\/como-o-primatera-investe-na-formacao-de-profissionais\\\/#primaryimage\"},\"thumbnailUrl\":\"https:\\\/\\\/fundoprimatera.org.br\\\/site\\\/wp-content\\\/uploads\\\/2025\\\/06\\\/Capa-Blog_Prancheta-1-scaled.jpg\",\"inLanguage\":\"pt-BR\",\"potentialAction\":[{\"@type\":\"CommentAction\",\"name\":\"Comment\",\"target\":[\"https:\\\/\\\/fundoprimatera.org.br\\\/site\\\/como-o-primatera-investe-na-formacao-de-profissionais\\\/#respond\"]}]},{\"@type\":\"WebPage\",\"@id\":\"https:\\\/\\\/fundoprimatera.org.br\\\/site\\\/como-o-primatera-investe-na-formacao-de-profissionais\\\/\",\"url\":\"https:\\\/\\\/fundoprimatera.org.br\\\/site\\\/como-o-primatera-investe-na-formacao-de-profissionais\\\/\",\"name\":\"Como o Primatera investe na forma\u00e7\u00e3o de profissionais?\u00a0 - Primatera Fundo Patrimonial\",\"isPartOf\":{\"@id\":\"https:\\\/\\\/fundoprimatera.org.br\\\/site\\\/#website\"},\"primaryImageOfPage\":{\"@id\":\"https:\\\/\\\/fundoprimatera.org.br\\\/site\\\/como-o-primatera-investe-na-formacao-de-profissionais\\\/#primaryimage\"},\"image\":{\"@id\":\"https:\\\/\\\/fundoprimatera.org.br\\\/site\\\/como-o-primatera-investe-na-formacao-de-profissionais\\\/#primaryimage\"},\"thumbnailUrl\":\"https:\\\/\\\/fundoprimatera.org.br\\\/site\\\/wp-content\\\/uploads\\\/2025\\\/06\\\/Capa-Blog_Prancheta-1-scaled.jpg\",\"datePublished\":\"2025-06-27T17:37:05+00:00\",\"author\":{\"@id\":\"https:\\\/\\\/fundoprimatera.org.br\\\/site\\\/#\\\/schema\\\/person\\\/8b7ee45acf1fef955e60642576809df8\"},\"breadcrumb\":{\"@id\":\"https:\\\/\\\/fundoprimatera.org.br\\\/site\\\/como-o-primatera-investe-na-formacao-de-profissionais\\\/#breadcrumb\"},\"inLanguage\":\"pt-BR\",\"potentialAction\":[{\"@type\":\"ReadAction\",\"target\":[\"https:\\\/\\\/fundoprimatera.org.br\\\/site\\\/como-o-primatera-investe-na-formacao-de-profissionais\\\/\"]}]},{\"@type\":\"ImageObject\",\"inLanguage\":\"pt-BR\",\"@id\":\"https:\\\/\\\/fundoprimatera.org.br\\\/site\\\/como-o-primatera-investe-na-formacao-de-profissionais\\\/#primaryimage\",\"url\":\"https:\\\/\\\/fundoprimatera.org.br\\\/site\\\/wp-content\\\/uploads\\\/2025\\\/06\\\/Capa-Blog_Prancheta-1-scaled.jpg\",\"contentUrl\":\"https:\\\/\\\/fundoprimatera.org.br\\\/site\\\/wp-content\\\/uploads\\\/2025\\\/06\\\/Capa-Blog_Prancheta-1-scaled.jpg\",\"width\":2560,\"height\":1700},{\"@type\":\"BreadcrumbList\",\"@id\":\"https:\\\/\\\/fundoprimatera.org.br\\\/site\\\/como-o-primatera-investe-na-formacao-de-profissionais\\\/#breadcrumb\",\"itemListElement\":[{\"@type\":\"ListItem\",\"position\":1,\"name\":\"In\u00edcio\",\"item\":\"https:\\\/\\\/fundoprimatera.org.br\\\/site\\\/\"},{\"@type\":\"ListItem\",\"position\":2,\"name\":\"Como o Primatera investe na forma\u00e7\u00e3o de profissionais?\u00a0\"}]},{\"@type\":\"WebSite\",\"@id\":\"https:\\\/\\\/fundoprimatera.org.br\\\/site\\\/#website\",\"url\":\"https:\\\/\\\/fundoprimatera.org.br\\\/site\\\/\",\"name\":\"Primatera Fundo Patrimonial\",\"description\":\"Primatera Fundo Patrimonial\",\"potentialAction\":[{\"@type\":\"SearchAction\",\"target\":{\"@type\":\"EntryPoint\",\"urlTemplate\":\"https:\\\/\\\/fundoprimatera.org.br\\\/site\\\/?s={search_term_string}\"},\"query-input\":{\"@type\":\"PropertyValueSpecification\",\"valueRequired\":true,\"valueName\":\"search_term_string\"}}],\"inLanguage\":\"pt-BR\"},{\"@type\":\"Person\",\"@id\":\"https:\\\/\\\/fundoprimatera.org.br\\\/site\\\/#\\\/schema\\\/person\\\/8b7ee45acf1fef955e60642576809df8\",\"name\":\"Bruna Vernaschi\",\"image\":{\"@type\":\"ImageObject\",\"inLanguage\":\"pt-BR\",\"@id\":\"https:\\\/\\\/secure.gravatar.com\\\/avatar\\\/c81bc79cd3e282d5b1f059421e66e8bf9745fff4f35653d7ede70706e4796ee8?s=96&d=mm&r=g\",\"url\":\"https:\\\/\\\/secure.gravatar.com\\\/avatar\\\/c81bc79cd3e282d5b1f059421e66e8bf9745fff4f35653d7ede70706e4796ee8?s=96&d=mm&r=g\",\"contentUrl\":\"https:\\\/\\\/secure.gravatar.com\\\/avatar\\\/c81bc79cd3e282d5b1f059421e66e8bf9745fff4f35653d7ede70706e4796ee8?s=96&d=mm&r=g\",\"caption\":\"Bruna Vernaschi\"},\"url\":\"https:\\\/\\\/fundoprimatera.org.br\\\/site\\\/author\\\/bruna\\\/\"}]}<\/script>\n<!-- \/ Yoast SEO plugin. -->","yoast_head_json":{"title":"Como o Primatera investe na forma\u00e7\u00e3o de profissionais?\u00a0 - Primatera Fundo Patrimonial","robots":{"index":"index","follow":"follow","max-snippet":"max-snippet:-1","max-image-preview":"max-image-preview:large","max-video-preview":"max-video-preview:-1"},"canonical":"https:\/\/fundoprimatera.org.br\/site\/como-o-primatera-investe-na-formacao-de-profissionais\/","og_locale":"pt_BR","og_type":"article","og_title":"Como o Primatera investe na forma\u00e7\u00e3o de profissionais?\u00a0 - Primatera Fundo Patrimonial","og_description":"A produtividade, a inova\u00e7\u00e3o e a sustentabilidade do setor florestal brasileiro s\u00e3o reconhecidas internacionalmente. Mas nenhuma dessas conquistas se sustenta no longo prazo sem um fator essencial: profissionais preparados. Quem est\u00e1 no dia a dia da opera\u00e7\u00e3o, da gest\u00e3o ou da pesquisa sabe: n\u00e3o \u00e9 simples encontrar profissionais com forma\u00e7\u00e3o s\u00f3lida, vis\u00e3o de mercado e [&hellip;]","og_url":"https:\/\/fundoprimatera.org.br\/site\/como-o-primatera-investe-na-formacao-de-profissionais\/","og_site_name":"Primatera Fundo Patrimonial","article_published_time":"2025-06-27T17:37:05+00:00","og_image":[{"width":2560,"height":1700,"url":"https:\/\/fundoprimatera.org.br\/site\/wp-content\/uploads\/2025\/06\/Capa-Blog_Prancheta-1-scaled.jpg","type":"image\/jpeg"}],"author":"Bruna Vernaschi","twitter_card":"summary_large_image","twitter_misc":{"Escrito por":"Bruna Vernaschi","Est. tempo de leitura":"4 minutos"},"schema":{"@context":"https:\/\/schema.org","@graph":[{"@type":"Article","@id":"https:\/\/fundoprimatera.org.br\/site\/como-o-primatera-investe-na-formacao-de-profissionais\/#article","isPartOf":{"@id":"https:\/\/fundoprimatera.org.br\/site\/como-o-primatera-investe-na-formacao-de-profissionais\/"},"author":{"name":"Bruna Vernaschi","@id":"https:\/\/fundoprimatera.org.br\/site\/#\/schema\/person\/8b7ee45acf1fef955e60642576809df8"},"headline":"Como o Primatera investe na forma\u00e7\u00e3o de profissionais?\u00a0","datePublished":"2025-06-27T17:37:05+00:00","mainEntityOfPage":{"@id":"https:\/\/fundoprimatera.org.br\/site\/como-o-primatera-investe-na-formacao-de-profissionais\/"},"wordCount":466,"commentCount":0,"image":{"@id":"https:\/\/fundoprimatera.org.br\/site\/como-o-primatera-investe-na-formacao-de-profissionais\/#primaryimage"},"thumbnailUrl":"https:\/\/fundoprimatera.org.br\/site\/wp-content\/uploads\/2025\/06\/Capa-Blog_Prancheta-1-scaled.jpg","inLanguage":"pt-BR","potentialAction":[{"@type":"CommentAction","name":"Comment","target":["https:\/\/fundoprimatera.org.br\/site\/como-o-primatera-investe-na-formacao-de-profissionais\/#respond"]}]},{"@type":"WebPage","@id":"https:\/\/fundoprimatera.org.br\/site\/como-o-primatera-investe-na-formacao-de-profissionais\/","url":"https:\/\/fundoprimatera.org.br\/site\/como-o-primatera-investe-na-formacao-de-profissionais\/","name":"Como o Primatera investe na forma\u00e7\u00e3o de profissionais?\u00a0 - Primatera Fundo Patrimonial","isPartOf":{"@id":"https:\/\/fundoprimatera.org.br\/site\/#website"},"primaryImageOfPage":{"@id":"https:\/\/fundoprimatera.org.br\/site\/como-o-primatera-investe-na-formacao-de-profissionais\/#primaryimage"},"image":{"@id":"https:\/\/fundoprimatera.org.br\/site\/como-o-primatera-investe-na-formacao-de-profissionais\/#primaryimage"},"thumbnailUrl":"https:\/\/fundoprimatera.org.br\/site\/wp-content\/uploads\/2025\/06\/Capa-Blog_Prancheta-1-scaled.jpg","datePublished":"2025-06-27T17:37:05+00:00","author":{"@id":"https:\/\/fundoprimatera.org.br\/site\/#\/schema\/person\/8b7ee45acf1fef955e60642576809df8"},"breadcrumb":{"@id":"https:\/\/fundoprimatera.org.br\/site\/como-o-primatera-investe-na-formacao-de-profissionais\/#breadcrumb"},"inLanguage":"pt-BR","potentialAction":[{"@type":"ReadAction","target":["https:\/\/fundoprimatera.org.br\/site\/como-o-primatera-investe-na-formacao-de-profissionais\/"]}]},{"@type":"ImageObject","inLanguage":"pt-BR","@id":"https:\/\/fundoprimatera.org.br\/site\/como-o-primatera-investe-na-formacao-de-profissionais\/#primaryimage","url":"https:\/\/fundoprimatera.org.br\/site\/wp-content\/uploads\/2025\/06\/Capa-Blog_Prancheta-1-scaled.jpg","contentUrl":"https:\/\/fundoprimatera.org.br\/site\/wp-content\/uploads\/2025\/06\/Capa-Blog_Prancheta-1-scaled.jpg","width":2560,"height":1700},{"@type":"BreadcrumbList","@id":"https:\/\/fundoprimatera.org.br\/site\/como-o-primatera-investe-na-formacao-de-profissionais\/#breadcrumb","itemListElement":[{"@type":"ListItem","position":1,"name":"In\u00edcio","item":"https:\/\/fundoprimatera.org.br\/site\/"},{"@type":"ListItem","position":2,"name":"Como o Primatera investe na forma\u00e7\u00e3o de profissionais?\u00a0"}]},{"@type":"WebSite","@id":"https:\/\/fundoprimatera.org.br\/site\/#website","url":"https:\/\/fundoprimatera.org.br\/site\/","name":"Primatera Fundo Patrimonial","description":"Primatera Fundo Patrimonial","potentialAction":[{"@type":"SearchAction","target":{"@type":"EntryPoint","urlTemplate":"https:\/\/fundoprimatera.org.br\/site\/?s={search_term_string}"},"query-input":{"@type":"PropertyValueSpecification","valueRequired":true,"valueName":"search_term_string"}}],"inLanguage":"pt-BR"},{"@type":"Person","@id":"https:\/\/fundoprimatera.org.br\/site\/#\/schema\/person\/8b7ee45acf1fef955e60642576809df8","name":"Bruna Vernaschi","image":{"@type":"ImageObject","inLanguage":"pt-BR","@id":"https:\/\/secure.gravatar.com\/avatar\/c81bc79cd3e282d5b1f059421e66e8bf9745fff4f35653d7ede70706e4796ee8?s=96&d=mm&r=g","url":"https:\/\/secure.gravatar.com\/avatar\/c81bc79cd3e282d5b1f059421e66e8bf9745fff4f35653d7ede70706e4796ee8?s=96&d=mm&r=g","contentUrl":"https:\/\/secure.gravatar.com\/avatar\/c81bc79cd3e282d5b1f059421e66e8bf9745fff4f35653d7ede70706e4796ee8?s=96&d=mm&r=g","caption":"Bruna Vernaschi"},"url":"https:\/\/fundoprimatera.org.br\/site\/author\/bruna\/"}]}},"_links":{"self":[{"href":"https:\/\/fundoprimatera.org.br\/site\/wp-json\/wp\/v2\/posts\/2253","targetHints":{"allow":["GET"]}}],"collection":[{"href":"https:\/\/fundoprimatera.org.br\/site\/wp-json\/wp\/v2\/posts"}],"about":[{"href":"https:\/\/fundoprimatera.org.br\/site\/wp-json\/wp\/v2\/types\/post"}],"author":[{"embeddable":true,"href":"https:\/\/fundoprimatera.org.br\/site\/wp-json\/wp\/v2\/users\/2"}],"replies":[{"embeddable":true,"href":"https:\/\/fundoprimatera.org.br\/site\/wp-json\/wp\/v2\/comments?post=2253"}],"version-history":[{"count":2,"href":"https:\/\/fundoprimatera.org.br\/site\/wp-json\/wp\/v2\/posts\/2253\/revisions"}],"predecessor-version":[{"id":2259,"href":"https:\/\/fundoprimatera.org.br\/site\/wp-json\/wp\/v2\/posts\/2253\/revisions\/2259"}],"wp:featuredmedia":[{"embeddable":true,"href":"https:\/\/fundoprimatera.org.br\/site\/wp-json\/wp\/v2\/media\/2257"}],"wp:attachment":[{"href":"https:\/\/fundoprimatera.org.br\/site\/wp-json\/wp\/v2\/media?parent=2253"}],"wp:term":[{"taxonomy":"category","embeddable":true,"href":"https:\/\/fundoprimatera.org.br\/site\/wp-json\/wp\/v2\/categories?post=2253"},{"taxonomy":"post_tag","embeddable":true,"href":"https:\/\/fundoprimatera.org.br\/site\/wp-json\/wp\/v2\/tags?post=2253"}],"curies":[{"name":"wp","href":"https:\/\/api.w.org\/{rel}","templated":true}]}}