{"id":2236,"date":"2025-05-23T14:43:56","date_gmt":"2025-05-23T17:43:56","guid":{"rendered":"https:\/\/fundoprimatera.org.br\/site\/?p=2236"},"modified":"2025-05-23T14:43:56","modified_gmt":"2025-05-23T17:43:56","slug":"fundos-patrimoniais-a-nova-ponte-entre-o-setor-empresarial-e-a-pesquisa-em-produtos-florestais","status":"publish","type":"post","link":"https:\/\/fundoprimatera.org.br\/site\/fundos-patrimoniais-a-nova-ponte-entre-o-setor-empresarial-e-a-pesquisa-em-produtos-florestais\/","title":{"rendered":"Fundos Patrimoniais: a nova ponte entre o setor empresarial e a pesquisa em produtos florestais"},"content":{"rendered":"<p><span style=\"font-weight: 400;\">Quando um nome como <\/span><b>Luiz E. G. Barrichelo<\/b><span style=\"font-weight: 400;\"> \u2014 Engenheiro florestal, pesquisador respeitado e parceiro hist\u00f3rico da ind\u00fastria \u2014 defende com convic\u00e7\u00e3o a cria\u00e7\u00e3o de fundos patrimoniais para o setor florestal e de bioprodutos, vale prestar aten\u00e7\u00e3o.<\/span><\/p>\n<p><img fetchpriority=\"high\" decoding=\"async\" class=\"aligncenter size-full wp-image-2238\" src=\"https:\/\/fundoprimatera.org.br\/site\/wp-content\/uploads\/2025\/05\/imagens-para-ilustrar-o-arquivo.jpg\" alt=\"\" width=\"981\" height=\"513\" srcset=\"https:\/\/fundoprimatera.org.br\/site\/wp-content\/uploads\/2025\/05\/imagens-para-ilustrar-o-arquivo.jpg 981w, https:\/\/fundoprimatera.org.br\/site\/wp-content\/uploads\/2025\/05\/imagens-para-ilustrar-o-arquivo-300x157.jpg 300w, https:\/\/fundoprimatera.org.br\/site\/wp-content\/uploads\/2025\/05\/imagens-para-ilustrar-o-arquivo-768x402.jpg 768w\" sizes=\"(max-width: 981px) 100vw, 981px\" \/><\/p>\n<p><span style=\"font-weight: 400;\">Mais do que uma proposta institucional, sua vis\u00e3o aponta para um movimento estrat\u00e9gico: o de garantir que a <\/span><b>forma\u00e7\u00e3o de profissionais<\/b><span style=\"font-weight: 400;\">, o <\/span><b>avan\u00e7o da pesquisa aplicada<\/b><span style=\"font-weight: 400;\"> e a <\/span><b>rela\u00e7\u00e3o entre empresas e universidades<\/b><span style=\"font-weight: 400;\"> n\u00e3o fiquem \u00e0 merc\u00ea de ciclos or\u00e7ament\u00e1rios ou vontades pol\u00edticas.<\/span><\/p>\n<p><span style=\"font-weight: 400;\">Para executivos e lideran\u00e7as do setor, a provoca\u00e7\u00e3o \u00e9 clara: <\/span><b>o que estamos fazendo hoje para garantir que, daqui a 10 ou 20 anos, ainda tenhamos engenheiros florestais bem formados, inova\u00e7\u00e3o t\u00e9cnica relevante e conhecimento nacional aplicado \u00e0 nossa realidade?<\/b><\/p>\n<p><span style=\"font-weight: 400;\">Essa \u00e9 a lacuna que fundos patrimoniais como o <\/span><b>Primatera<\/b><span style=\"font-weight: 400;\"> v\u00eam preencher.<\/span><\/p>\n<p><b>Por que apostar em fundos patrimoniais?<\/b><\/p>\n<p><span style=\"font-weight: 400;\">Segundo o professor Barrichelo, h\u00e1 tr\u00eas grandes raz\u00f5es para olhar com aten\u00e7\u00e3o para esse modelo de financiamento:<\/span><\/p>\n<p><b>1 &#8211; Complementar os or\u00e7amentos das universidades e institutos de pesquisa<\/b><\/p>\n<p><span style=\"font-weight: 400;\">Em tempos de instabilidade or\u00e7ament\u00e1ria, \u00e9 urgente garantir fontes adicionais e est\u00e1veis de recursos. Os fundos patrimoniais permitem exatamente isso: ampliar a capacidade de investimento em educa\u00e7\u00e3o, ci\u00eancia e tecnologia, independentemente das oscila\u00e7\u00f5es do or\u00e7amento p\u00fablico.<\/span><\/p>\n<p><img decoding=\"async\" class=\"aligncenter size-full wp-image-2239\" src=\"https:\/\/fundoprimatera.org.br\/site\/wp-content\/uploads\/2025\/05\/imagens-para-ilustrar-o-arquivo2-1.png\" alt=\"\" width=\"981\" height=\"513\" srcset=\"https:\/\/fundoprimatera.org.br\/site\/wp-content\/uploads\/2025\/05\/imagens-para-ilustrar-o-arquivo2-1.png 981w, https:\/\/fundoprimatera.org.br\/site\/wp-content\/uploads\/2025\/05\/imagens-para-ilustrar-o-arquivo2-1-300x157.png 300w, https:\/\/fundoprimatera.org.br\/site\/wp-content\/uploads\/2025\/05\/imagens-para-ilustrar-o-arquivo2-1-768x402.png 768w\" sizes=\"(max-width: 981px) 100vw, 981px\" \/><\/p>\n<p><b>2 &#8211; Potencializar o uso de recursos de ag\u00eancias de fomento<\/b><\/p>\n<p><span style=\"font-weight: 400;\">Ao atuar como uma estrutura complementar, os fundos ajudam a otimizar o uso de recursos p\u00fablicos, fortalecendo a viabilidade de projetos estruturantes e de longo prazo. A sinergia entre diferentes fontes de financiamento permite alavancar iniciativas que, sozinhas, n\u00e3o seriam vi\u00e1veis.<\/span><\/p>\n<p><b>3 &#8211; Estimular o apoio do setor empresarial e sua integra\u00e7\u00e3o com a academia<\/b><\/p>\n<p><span style=\"font-weight: 400;\">Fundos patrimoniais criam pontes s\u00f3lidas entre empresas e institui\u00e7\u00f5es de ensino e pesquisa. Para o professor Barrichelo, essa \u00e9 uma das maiores virtudes do modelo: ao contribuir com o fundo, as empresas n\u00e3o apenas apoiam a forma\u00e7\u00e3o de novos profissionais, mas tamb\u00e9m ajudam a alinhar a produ\u00e7\u00e3o de conhecimento \u00e0s demandas reais do mercado.<\/span><\/p>\n<p><b>Uma oportunidade concreta para o setor florestal e de bioprodutos<\/b><\/p>\n<p><span style=\"font-weight: 400;\">O setor florestal brasileiro \u00e9 reconhecido mundialmente por sua produtividade, inova\u00e7\u00e3o e sustentabilidade. Mas, para manter esse protagonismo, \u00e9 essencial investir em <\/span><b>capital humano<\/b><span style=\"font-weight: 400;\"> e na <\/span><b>forma\u00e7\u00e3o de talentos que dominem as novas tecnologias, compreendam os desafios ambientais e estejam preparados para liderar transforma\u00e7\u00f5es<\/b><span style=\"font-weight: 400;\">.<\/span><\/p>\n<p><span style=\"font-weight: 400;\">Nesse sentido, o Primatera se posiciona como um agente estrat\u00e9gico. Trata-se de um fundo patrimonial criado pelo setor florestal e de bioprodutos brasileiro, com o objetivo de apoiar a\u00e7\u00f5es que viabilizem:<\/span><\/p>\n<ul>\n<li style=\"font-weight: 400;\" aria-level=\"1\"><span style=\"font-weight: 400;\">Bolsas de estudo e apoio a estudantes promissores;<\/span><\/li>\n<li style=\"font-weight: 400;\" aria-level=\"1\"><span style=\"font-weight: 400;\">Eventos de divulga\u00e7\u00e3o cient\u00edfica e tecnol\u00f3gica;<\/span><\/li>\n<li style=\"font-weight: 400;\" aria-level=\"1\"><span style=\"font-weight: 400;\">Projetos de pesquisa aplicada com foco em solu\u00e7\u00f5es para o setor;<\/span><\/li>\n<li style=\"font-weight: 400;\" aria-level=\"1\"><span style=\"font-weight: 400;\">A aproxima\u00e7\u00e3o entre universidade e empresas.<\/span><\/li>\n<\/ul>\n<p><span style=\"font-weight: 400;\">Para o professor Barrichelo, a aceita\u00e7\u00e3o do modelo entre os empres\u00e1rios do setor tende a ser alta. Ao longo de sua trajet\u00f3ria, ele testemunhou o compromisso do setor com a forma\u00e7\u00e3o de profissionais e a constru\u00e7\u00e3o de solu\u00e7\u00f5es sustent\u00e1veis.<\/span><\/p>\n<p><img decoding=\"async\" class=\"aligncenter size-full wp-image-2240\" src=\"https:\/\/fundoprimatera.org.br\/site\/wp-content\/uploads\/2025\/05\/imagens-para-ilustrar-o-arquivo3.png\" alt=\"\" width=\"981\" height=\"513\" srcset=\"https:\/\/fundoprimatera.org.br\/site\/wp-content\/uploads\/2025\/05\/imagens-para-ilustrar-o-arquivo3.png 981w, https:\/\/fundoprimatera.org.br\/site\/wp-content\/uploads\/2025\/05\/imagens-para-ilustrar-o-arquivo3-300x157.png 300w, https:\/\/fundoprimatera.org.br\/site\/wp-content\/uploads\/2025\/05\/imagens-para-ilustrar-o-arquivo3-768x402.png 768w\" sizes=\"(max-width: 981px) 100vw, 981px\" \/><\/p>\n<p><b>Muito al\u00e9m de financiamento: um investimento em legado<\/b><\/p>\n<p><span style=\"font-weight: 400;\">Apoiar um fundo patrimonial como o Primatera \u00e9 mais do que um ato de doa\u00e7\u00e3o \u2014 \u00e9 uma decis\u00e3o estrat\u00e9gica, um compromisso com o futuro do setor. Trata-se de fortalecer o ecossistema que forma os engenheiros, pesquisadores e especialistas que amanh\u00e3 estar\u00e3o liderando as empresas, desenvolvendo novas tecnologias e criando solu\u00e7\u00f5es para os desafios da bioeconomia.<\/span><\/p>\n<p><span style=\"font-weight: 400;\">Com esse apoio, o setor empresarial contribui para a continuidade da excel\u00eancia acad\u00eamica no pa\u00eds e para a consolida\u00e7\u00e3o de um ambiente de inova\u00e7\u00e3o cont\u00ednua.<\/span><\/p>\n<p><b>Quer saber como sua empresa pode fazer parte dessa transforma\u00e7\u00e3o?<\/b><b><br \/>\n<\/b><a href=\"https:\/\/fundoprimatera.org.br\/site\/\"><span style=\"font-weight: 400;\"><span style=\"color: #ff0000;\"><strong>Acesse nosso site <\/strong><\/span><\/span><\/a><span style=\"font-weight: 400;\">e vamos juntos construir um futuro mais s\u00f3lido, sustent\u00e1vel e inteligente para o setor florestal brasileiro.<\/span><\/p>\n","protected":false},"excerpt":{"rendered":"<p>Quando um nome como Luiz E. G. Barrichelo \u2014 Engenheiro florestal, pesquisador respeitado e parceiro hist\u00f3rico da ind\u00fastria \u2014 defende com convic\u00e7\u00e3o a cria\u00e7\u00e3o de fundos patrimoniais para o setor florestal e de bioprodutos, vale prestar aten\u00e7\u00e3o. Mais do que uma proposta institucional, sua vis\u00e3o aponta para um movimento estrat\u00e9gico: o de garantir que a [&hellip;]<\/p>\n","protected":false},"author":2,"featured_media":2237,"comment_status":"open","ping_status":"closed","sticky":false,"template":"","format":"standard","meta":{"footnotes":""},"categories":[1],"tags":[],"class_list":["post-2236","post","type-post","status-publish","format-standard","has-post-thumbnail","hentry","category-sem-categoria"],"yoast_head":"<!-- This site is optimized with the Yoast SEO plugin v27.5 - https:\/\/yoast.com\/product\/yoast-seo-wordpress\/ -->\n<title>Fundos Patrimoniais: a nova ponte entre o setor empresarial e a pesquisa em produtos florestais - Primatera Fundo Patrimonial<\/title>\n<meta name=\"robots\" content=\"index, follow, max-snippet:-1, max-image-preview:large, max-video-preview:-1\" \/>\n<link rel=\"canonical\" href=\"https:\/\/fundoprimatera.org.br\/site\/fundos-patrimoniais-a-nova-ponte-entre-o-setor-empresarial-e-a-pesquisa-em-produtos-florestais\/\" \/>\n<meta property=\"og:locale\" content=\"pt_BR\" \/>\n<meta property=\"og:type\" content=\"article\" \/>\n<meta property=\"og:title\" content=\"Fundos Patrimoniais: a nova ponte entre o setor empresarial e a pesquisa em produtos florestais - Primatera Fundo Patrimonial\" \/>\n<meta property=\"og:description\" content=\"Quando um nome como Luiz E. G. Barrichelo \u2014 Engenheiro florestal, pesquisador respeitado e parceiro hist\u00f3rico da ind\u00fastria \u2014 defende com convic\u00e7\u00e3o a cria\u00e7\u00e3o de fundos patrimoniais para o setor florestal e de bioprodutos, vale prestar aten\u00e7\u00e3o. Mais do que uma proposta institucional, sua vis\u00e3o aponta para um movimento estrat\u00e9gico: o de garantir que a [&hellip;]\" \/>\n<meta property=\"og:url\" content=\"https:\/\/fundoprimatera.org.br\/site\/fundos-patrimoniais-a-nova-ponte-entre-o-setor-empresarial-e-a-pesquisa-em-produtos-florestais\/\" \/>\n<meta property=\"og:site_name\" content=\"Primatera Fundo Patrimonial\" \/>\n<meta property=\"article:published_time\" content=\"2025-05-23T17:43:56+00:00\" \/>\n<meta property=\"og:image\" content=\"https:\/\/fundoprimatera.org.br\/site\/wp-content\/uploads\/2025\/05\/Capa-Blog-v02_Prancheta-1-scaled.jpg\" \/>\n\t<meta property=\"og:image:width\" content=\"2560\" \/>\n\t<meta property=\"og:image:height\" content=\"1700\" \/>\n\t<meta property=\"og:image:type\" content=\"image\/jpeg\" \/>\n<meta name=\"author\" content=\"Bruna Vernaschi\" \/>\n<meta name=\"twitter:card\" content=\"summary_large_image\" \/>\n<meta name=\"twitter:label1\" content=\"Escrito por\" \/>\n\t<meta name=\"twitter:data1\" content=\"Bruna Vernaschi\" \/>\n\t<meta name=\"twitter:label2\" content=\"Est. tempo de leitura\" \/>\n\t<meta name=\"twitter:data2\" content=\"5 minutos\" \/>\n<script type=\"application\/ld+json\" class=\"yoast-schema-graph\">{\"@context\":\"https:\\\/\\\/schema.org\",\"@graph\":[{\"@type\":\"Article\",\"@id\":\"https:\\\/\\\/fundoprimatera.org.br\\\/site\\\/fundos-patrimoniais-a-nova-ponte-entre-o-setor-empresarial-e-a-pesquisa-em-produtos-florestais\\\/#article\",\"isPartOf\":{\"@id\":\"https:\\\/\\\/fundoprimatera.org.br\\\/site\\\/fundos-patrimoniais-a-nova-ponte-entre-o-setor-empresarial-e-a-pesquisa-em-produtos-florestais\\\/\"},\"author\":{\"name\":\"Bruna Vernaschi\",\"@id\":\"https:\\\/\\\/fundoprimatera.org.br\\\/site\\\/#\\\/schema\\\/person\\\/8b7ee45acf1fef955e60642576809df8\"},\"headline\":\"Fundos Patrimoniais: a nova ponte entre o setor empresarial e a pesquisa em produtos florestais\",\"datePublished\":\"2025-05-23T17:43:56+00:00\",\"mainEntityOfPage\":{\"@id\":\"https:\\\/\\\/fundoprimatera.org.br\\\/site\\\/fundos-patrimoniais-a-nova-ponte-entre-o-setor-empresarial-e-a-pesquisa-em-produtos-florestais\\\/\"},\"wordCount\":666,\"commentCount\":0,\"image\":{\"@id\":\"https:\\\/\\\/fundoprimatera.org.br\\\/site\\\/fundos-patrimoniais-a-nova-ponte-entre-o-setor-empresarial-e-a-pesquisa-em-produtos-florestais\\\/#primaryimage\"},\"thumbnailUrl\":\"https:\\\/\\\/fundoprimatera.org.br\\\/site\\\/wp-content\\\/uploads\\\/2025\\\/05\\\/Capa-Blog-v02_Prancheta-1-scaled.jpg\",\"inLanguage\":\"pt-BR\",\"potentialAction\":[{\"@type\":\"CommentAction\",\"name\":\"Comment\",\"target\":[\"https:\\\/\\\/fundoprimatera.org.br\\\/site\\\/fundos-patrimoniais-a-nova-ponte-entre-o-setor-empresarial-e-a-pesquisa-em-produtos-florestais\\\/#respond\"]}]},{\"@type\":\"WebPage\",\"@id\":\"https:\\\/\\\/fundoprimatera.org.br\\\/site\\\/fundos-patrimoniais-a-nova-ponte-entre-o-setor-empresarial-e-a-pesquisa-em-produtos-florestais\\\/\",\"url\":\"https:\\\/\\\/fundoprimatera.org.br\\\/site\\\/fundos-patrimoniais-a-nova-ponte-entre-o-setor-empresarial-e-a-pesquisa-em-produtos-florestais\\\/\",\"name\":\"Fundos Patrimoniais: a nova ponte entre o setor empresarial e a pesquisa em produtos florestais - Primatera Fundo Patrimonial\",\"isPartOf\":{\"@id\":\"https:\\\/\\\/fundoprimatera.org.br\\\/site\\\/#website\"},\"primaryImageOfPage\":{\"@id\":\"https:\\\/\\\/fundoprimatera.org.br\\\/site\\\/fundos-patrimoniais-a-nova-ponte-entre-o-setor-empresarial-e-a-pesquisa-em-produtos-florestais\\\/#primaryimage\"},\"image\":{\"@id\":\"https:\\\/\\\/fundoprimatera.org.br\\\/site\\\/fundos-patrimoniais-a-nova-ponte-entre-o-setor-empresarial-e-a-pesquisa-em-produtos-florestais\\\/#primaryimage\"},\"thumbnailUrl\":\"https:\\\/\\\/fundoprimatera.org.br\\\/site\\\/wp-content\\\/uploads\\\/2025\\\/05\\\/Capa-Blog-v02_Prancheta-1-scaled.jpg\",\"datePublished\":\"2025-05-23T17:43:56+00:00\",\"author\":{\"@id\":\"https:\\\/\\\/fundoprimatera.org.br\\\/site\\\/#\\\/schema\\\/person\\\/8b7ee45acf1fef955e60642576809df8\"},\"breadcrumb\":{\"@id\":\"https:\\\/\\\/fundoprimatera.org.br\\\/site\\\/fundos-patrimoniais-a-nova-ponte-entre-o-setor-empresarial-e-a-pesquisa-em-produtos-florestais\\\/#breadcrumb\"},\"inLanguage\":\"pt-BR\",\"potentialAction\":[{\"@type\":\"ReadAction\",\"target\":[\"https:\\\/\\\/fundoprimatera.org.br\\\/site\\\/fundos-patrimoniais-a-nova-ponte-entre-o-setor-empresarial-e-a-pesquisa-em-produtos-florestais\\\/\"]}]},{\"@type\":\"ImageObject\",\"inLanguage\":\"pt-BR\",\"@id\":\"https:\\\/\\\/fundoprimatera.org.br\\\/site\\\/fundos-patrimoniais-a-nova-ponte-entre-o-setor-empresarial-e-a-pesquisa-em-produtos-florestais\\\/#primaryimage\",\"url\":\"https:\\\/\\\/fundoprimatera.org.br\\\/site\\\/wp-content\\\/uploads\\\/2025\\\/05\\\/Capa-Blog-v02_Prancheta-1-scaled.jpg\",\"contentUrl\":\"https:\\\/\\\/fundoprimatera.org.br\\\/site\\\/wp-content\\\/uploads\\\/2025\\\/05\\\/Capa-Blog-v02_Prancheta-1-scaled.jpg\",\"width\":2560,\"height\":1700},{\"@type\":\"BreadcrumbList\",\"@id\":\"https:\\\/\\\/fundoprimatera.org.br\\\/site\\\/fundos-patrimoniais-a-nova-ponte-entre-o-setor-empresarial-e-a-pesquisa-em-produtos-florestais\\\/#breadcrumb\",\"itemListElement\":[{\"@type\":\"ListItem\",\"position\":1,\"name\":\"In\u00edcio\",\"item\":\"https:\\\/\\\/fundoprimatera.org.br\\\/site\\\/\"},{\"@type\":\"ListItem\",\"position\":2,\"name\":\"Fundos Patrimoniais: a nova ponte entre o setor empresarial e a pesquisa em produtos florestais\"}]},{\"@type\":\"WebSite\",\"@id\":\"https:\\\/\\\/fundoprimatera.org.br\\\/site\\\/#website\",\"url\":\"https:\\\/\\\/fundoprimatera.org.br\\\/site\\\/\",\"name\":\"Primatera Fundo Patrimonial\",\"description\":\"Primatera Fundo Patrimonial\",\"potentialAction\":[{\"@type\":\"SearchAction\",\"target\":{\"@type\":\"EntryPoint\",\"urlTemplate\":\"https:\\\/\\\/fundoprimatera.org.br\\\/site\\\/?s={search_term_string}\"},\"query-input\":{\"@type\":\"PropertyValueSpecification\",\"valueRequired\":true,\"valueName\":\"search_term_string\"}}],\"inLanguage\":\"pt-BR\"},{\"@type\":\"Person\",\"@id\":\"https:\\\/\\\/fundoprimatera.org.br\\\/site\\\/#\\\/schema\\\/person\\\/8b7ee45acf1fef955e60642576809df8\",\"name\":\"Bruna Vernaschi\",\"image\":{\"@type\":\"ImageObject\",\"inLanguage\":\"pt-BR\",\"@id\":\"https:\\\/\\\/secure.gravatar.com\\\/avatar\\\/c81bc79cd3e282d5b1f059421e66e8bf9745fff4f35653d7ede70706e4796ee8?s=96&d=mm&r=g\",\"url\":\"https:\\\/\\\/secure.gravatar.com\\\/avatar\\\/c81bc79cd3e282d5b1f059421e66e8bf9745fff4f35653d7ede70706e4796ee8?s=96&d=mm&r=g\",\"contentUrl\":\"https:\\\/\\\/secure.gravatar.com\\\/avatar\\\/c81bc79cd3e282d5b1f059421e66e8bf9745fff4f35653d7ede70706e4796ee8?s=96&d=mm&r=g\",\"caption\":\"Bruna Vernaschi\"},\"url\":\"https:\\\/\\\/fundoprimatera.org.br\\\/site\\\/author\\\/bruna\\\/\"}]}<\/script>\n<!-- \/ Yoast SEO plugin. -->","yoast_head_json":{"title":"Fundos Patrimoniais: a nova ponte entre o setor empresarial e a pesquisa em produtos florestais - Primatera Fundo Patrimonial","robots":{"index":"index","follow":"follow","max-snippet":"max-snippet:-1","max-image-preview":"max-image-preview:large","max-video-preview":"max-video-preview:-1"},"canonical":"https:\/\/fundoprimatera.org.br\/site\/fundos-patrimoniais-a-nova-ponte-entre-o-setor-empresarial-e-a-pesquisa-em-produtos-florestais\/","og_locale":"pt_BR","og_type":"article","og_title":"Fundos Patrimoniais: a nova ponte entre o setor empresarial e a pesquisa em produtos florestais - Primatera Fundo Patrimonial","og_description":"Quando um nome como Luiz E. G. Barrichelo \u2014 Engenheiro florestal, pesquisador respeitado e parceiro hist\u00f3rico da ind\u00fastria \u2014 defende com convic\u00e7\u00e3o a cria\u00e7\u00e3o de fundos patrimoniais para o setor florestal e de bioprodutos, vale prestar aten\u00e7\u00e3o. Mais do que uma proposta institucional, sua vis\u00e3o aponta para um movimento estrat\u00e9gico: o de garantir que a [&hellip;]","og_url":"https:\/\/fundoprimatera.org.br\/site\/fundos-patrimoniais-a-nova-ponte-entre-o-setor-empresarial-e-a-pesquisa-em-produtos-florestais\/","og_site_name":"Primatera Fundo Patrimonial","article_published_time":"2025-05-23T17:43:56+00:00","og_image":[{"width":2560,"height":1700,"url":"https:\/\/fundoprimatera.org.br\/site\/wp-content\/uploads\/2025\/05\/Capa-Blog-v02_Prancheta-1-scaled.jpg","type":"image\/jpeg"}],"author":"Bruna Vernaschi","twitter_card":"summary_large_image","twitter_misc":{"Escrito por":"Bruna Vernaschi","Est. tempo de leitura":"5 minutos"},"schema":{"@context":"https:\/\/schema.org","@graph":[{"@type":"Article","@id":"https:\/\/fundoprimatera.org.br\/site\/fundos-patrimoniais-a-nova-ponte-entre-o-setor-empresarial-e-a-pesquisa-em-produtos-florestais\/#article","isPartOf":{"@id":"https:\/\/fundoprimatera.org.br\/site\/fundos-patrimoniais-a-nova-ponte-entre-o-setor-empresarial-e-a-pesquisa-em-produtos-florestais\/"},"author":{"name":"Bruna Vernaschi","@id":"https:\/\/fundoprimatera.org.br\/site\/#\/schema\/person\/8b7ee45acf1fef955e60642576809df8"},"headline":"Fundos Patrimoniais: a nova ponte entre o setor empresarial e a pesquisa em produtos florestais","datePublished":"2025-05-23T17:43:56+00:00","mainEntityOfPage":{"@id":"https:\/\/fundoprimatera.org.br\/site\/fundos-patrimoniais-a-nova-ponte-entre-o-setor-empresarial-e-a-pesquisa-em-produtos-florestais\/"},"wordCount":666,"commentCount":0,"image":{"@id":"https:\/\/fundoprimatera.org.br\/site\/fundos-patrimoniais-a-nova-ponte-entre-o-setor-empresarial-e-a-pesquisa-em-produtos-florestais\/#primaryimage"},"thumbnailUrl":"https:\/\/fundoprimatera.org.br\/site\/wp-content\/uploads\/2025\/05\/Capa-Blog-v02_Prancheta-1-scaled.jpg","inLanguage":"pt-BR","potentialAction":[{"@type":"CommentAction","name":"Comment","target":["https:\/\/fundoprimatera.org.br\/site\/fundos-patrimoniais-a-nova-ponte-entre-o-setor-empresarial-e-a-pesquisa-em-produtos-florestais\/#respond"]}]},{"@type":"WebPage","@id":"https:\/\/fundoprimatera.org.br\/site\/fundos-patrimoniais-a-nova-ponte-entre-o-setor-empresarial-e-a-pesquisa-em-produtos-florestais\/","url":"https:\/\/fundoprimatera.org.br\/site\/fundos-patrimoniais-a-nova-ponte-entre-o-setor-empresarial-e-a-pesquisa-em-produtos-florestais\/","name":"Fundos Patrimoniais: a nova ponte entre o setor empresarial e a pesquisa em produtos florestais - Primatera Fundo Patrimonial","isPartOf":{"@id":"https:\/\/fundoprimatera.org.br\/site\/#website"},"primaryImageOfPage":{"@id":"https:\/\/fundoprimatera.org.br\/site\/fundos-patrimoniais-a-nova-ponte-entre-o-setor-empresarial-e-a-pesquisa-em-produtos-florestais\/#primaryimage"},"image":{"@id":"https:\/\/fundoprimatera.org.br\/site\/fundos-patrimoniais-a-nova-ponte-entre-o-setor-empresarial-e-a-pesquisa-em-produtos-florestais\/#primaryimage"},"thumbnailUrl":"https:\/\/fundoprimatera.org.br\/site\/wp-content\/uploads\/2025\/05\/Capa-Blog-v02_Prancheta-1-scaled.jpg","datePublished":"2025-05-23T17:43:56+00:00","author":{"@id":"https:\/\/fundoprimatera.org.br\/site\/#\/schema\/person\/8b7ee45acf1fef955e60642576809df8"},"breadcrumb":{"@id":"https:\/\/fundoprimatera.org.br\/site\/fundos-patrimoniais-a-nova-ponte-entre-o-setor-empresarial-e-a-pesquisa-em-produtos-florestais\/#breadcrumb"},"inLanguage":"pt-BR","potentialAction":[{"@type":"ReadAction","target":["https:\/\/fundoprimatera.org.br\/site\/fundos-patrimoniais-a-nova-ponte-entre-o-setor-empresarial-e-a-pesquisa-em-produtos-florestais\/"]}]},{"@type":"ImageObject","inLanguage":"pt-BR","@id":"https:\/\/fundoprimatera.org.br\/site\/fundos-patrimoniais-a-nova-ponte-entre-o-setor-empresarial-e-a-pesquisa-em-produtos-florestais\/#primaryimage","url":"https:\/\/fundoprimatera.org.br\/site\/wp-content\/uploads\/2025\/05\/Capa-Blog-v02_Prancheta-1-scaled.jpg","contentUrl":"https:\/\/fundoprimatera.org.br\/site\/wp-content\/uploads\/2025\/05\/Capa-Blog-v02_Prancheta-1-scaled.jpg","width":2560,"height":1700},{"@type":"BreadcrumbList","@id":"https:\/\/fundoprimatera.org.br\/site\/fundos-patrimoniais-a-nova-ponte-entre-o-setor-empresarial-e-a-pesquisa-em-produtos-florestais\/#breadcrumb","itemListElement":[{"@type":"ListItem","position":1,"name":"In\u00edcio","item":"https:\/\/fundoprimatera.org.br\/site\/"},{"@type":"ListItem","position":2,"name":"Fundos Patrimoniais: a nova ponte entre o setor empresarial e a pesquisa em produtos florestais"}]},{"@type":"WebSite","@id":"https:\/\/fundoprimatera.org.br\/site\/#website","url":"https:\/\/fundoprimatera.org.br\/site\/","name":"Primatera Fundo Patrimonial","description":"Primatera Fundo Patrimonial","potentialAction":[{"@type":"SearchAction","target":{"@type":"EntryPoint","urlTemplate":"https:\/\/fundoprimatera.org.br\/site\/?s={search_term_string}"},"query-input":{"@type":"PropertyValueSpecification","valueRequired":true,"valueName":"search_term_string"}}],"inLanguage":"pt-BR"},{"@type":"Person","@id":"https:\/\/fundoprimatera.org.br\/site\/#\/schema\/person\/8b7ee45acf1fef955e60642576809df8","name":"Bruna Vernaschi","image":{"@type":"ImageObject","inLanguage":"pt-BR","@id":"https:\/\/secure.gravatar.com\/avatar\/c81bc79cd3e282d5b1f059421e66e8bf9745fff4f35653d7ede70706e4796ee8?s=96&d=mm&r=g","url":"https:\/\/secure.gravatar.com\/avatar\/c81bc79cd3e282d5b1f059421e66e8bf9745fff4f35653d7ede70706e4796ee8?s=96&d=mm&r=g","contentUrl":"https:\/\/secure.gravatar.com\/avatar\/c81bc79cd3e282d5b1f059421e66e8bf9745fff4f35653d7ede70706e4796ee8?s=96&d=mm&r=g","caption":"Bruna Vernaschi"},"url":"https:\/\/fundoprimatera.org.br\/site\/author\/bruna\/"}]}},"_links":{"self":[{"href":"https:\/\/fundoprimatera.org.br\/site\/wp-json\/wp\/v2\/posts\/2236","targetHints":{"allow":["GET"]}}],"collection":[{"href":"https:\/\/fundoprimatera.org.br\/site\/wp-json\/wp\/v2\/posts"}],"about":[{"href":"https:\/\/fundoprimatera.org.br\/site\/wp-json\/wp\/v2\/types\/post"}],"author":[{"embeddable":true,"href":"https:\/\/fundoprimatera.org.br\/site\/wp-json\/wp\/v2\/users\/2"}],"replies":[{"embeddable":true,"href":"https:\/\/fundoprimatera.org.br\/site\/wp-json\/wp\/v2\/comments?post=2236"}],"version-history":[{"count":3,"href":"https:\/\/fundoprimatera.org.br\/site\/wp-json\/wp\/v2\/posts\/2236\/revisions"}],"predecessor-version":[{"id":2243,"href":"https:\/\/fundoprimatera.org.br\/site\/wp-json\/wp\/v2\/posts\/2236\/revisions\/2243"}],"wp:featuredmedia":[{"embeddable":true,"href":"https:\/\/fundoprimatera.org.br\/site\/wp-json\/wp\/v2\/media\/2237"}],"wp:attachment":[{"href":"https:\/\/fundoprimatera.org.br\/site\/wp-json\/wp\/v2\/media?parent=2236"}],"wp:term":[{"taxonomy":"category","embeddable":true,"href":"https:\/\/fundoprimatera.org.br\/site\/wp-json\/wp\/v2\/categories?post=2236"},{"taxonomy":"post_tag","embeddable":true,"href":"https:\/\/fundoprimatera.org.br\/site\/wp-json\/wp\/v2\/tags?post=2236"}],"curies":[{"name":"wp","href":"https:\/\/api.w.org\/{rel}","templated":true}]}}