{"id":2224,"date":"2025-04-08T14:46:08","date_gmt":"2025-04-08T17:46:08","guid":{"rendered":"https:\/\/fundoprimatera.org.br\/site\/?p=2224"},"modified":"2025-05-09T09:34:35","modified_gmt":"2025-05-09T12:34:35","slug":"por-que-sua-empresa-pode-fazer-a-diferenca-com-o-primatera","status":"publish","type":"post","link":"https:\/\/fundoprimatera.org.br\/site\/por-que-sua-empresa-pode-fazer-a-diferenca-com-o-primatera\/","title":{"rendered":"Por que sua empresa pode fazer a diferen\u00e7a com o Primatera?"},"content":{"rendered":"<p><i><span style=\"font-weight: 400;\">Apoiar o Primatera \u00e9 investir na qualifica\u00e7\u00e3o de profissionais para o setor florestal e de bioprodutos, contribuindo com a forma\u00e7\u00e3o de talentos e deixando um legado para toda a cadeia produtiva.<\/span><\/i><\/p>\n<p><span style=\"font-weight: 400;\">O maior ativo da ind\u00fastria de papel e celulose n\u00e3o \u00e9 apenas a tecnologia, a inova\u00e7\u00e3o ou a sustentabilidade. O verdadeiro diferencial est\u00e1 nas <\/span><b>pessoas<\/b><span style=\"font-weight: 400;\">. S\u00e3o os profissionais que impulsionam o crescimento, lideram transforma\u00e7\u00f5es e garantem a continuidade de um mercado altamente competitivo.<\/span><\/p>\n<p><span style=\"font-weight: 400;\">Muitos desses profissionais iniciaram suas jornadas em institui\u00e7\u00f5es de ensino de excel\u00eancia, como a ESALQ, e reconhecem o papel fundamental que a forma\u00e7\u00e3o acad\u00eamica desempenhou em suas trajet\u00f3rias.<\/span><\/p>\n<p><span style=\"font-weight: 400;\">O Primatera surgiu com o prop\u00f3sito de apoiar esse ciclo, conectando o setor produtivo \u00e0s iniciativas de capacita\u00e7\u00e3o, incentivo ao conhecimento e desenvolvimento de talentos que ir\u00e3o moldar o futuro da ind\u00fastria brasileira.<\/span><\/p>\n<p><b>Investindo em pessoas para transformar o setor<\/b><\/p>\n<p><span style=\"font-weight: 400;\">O Primatera tem um compromisso direto com a capacita\u00e7\u00e3o profissional e o desenvolvimento de projetos inovadores que atendam \u00e0s demandas atuais e futuras da sociedade.<\/span><\/p>\n<p><span style=\"font-weight: 400;\">Na pr\u00e1tica, isso se traduz no <\/span><b>apoio a bolsas de estudo, projetos de pesquisa e eventos de divulga\u00e7\u00e3o cient\u00edfica<\/b><span style=\"font-weight: 400;\">, iniciativas que promovem a excel\u00eancia acad\u00eamica e formam profissionais altamente qualificados para o setor.<\/span><\/p>\n<p><span style=\"font-weight: 400;\">Executivos, engenheiros e especialistas do setor reconhecem o impacto que uma forma\u00e7\u00e3o s\u00f3lida e o incentivo \u00e0 inova\u00e7\u00e3o t\u00eam em suas trajet\u00f3rias.<\/span><\/p>\n<p><img fetchpriority=\"high\" decoding=\"async\" class=\"aligncenter size-full wp-image-2228\" src=\"https:\/\/fundoprimatera.org.br\/site\/wp-content\/uploads\/2025\/04\/imagens-para-ilustrar-o-arquivo2.png\" alt=\"\" width=\"981\" height=\"513\" srcset=\"https:\/\/fundoprimatera.org.br\/site\/wp-content\/uploads\/2025\/04\/imagens-para-ilustrar-o-arquivo2.png 981w, https:\/\/fundoprimatera.org.br\/site\/wp-content\/uploads\/2025\/04\/imagens-para-ilustrar-o-arquivo2-300x157.png 300w, https:\/\/fundoprimatera.org.br\/site\/wp-content\/uploads\/2025\/04\/imagens-para-ilustrar-o-arquivo2-768x402.png 768w\" sizes=\"(max-width: 981px) 100vw, 981px\" \/><\/p>\n<h2><b>Retribuir para construir o futuro<\/b><\/h2>\n<p><span style=\"font-weight: 400;\">Se hoje a ind\u00fastria de papel e celulose conta com profissionais altamente qualificados, isso se deve \u00e0 educa\u00e7\u00e3o que receberam. O apoio ao Primatera \u00e9 a chance de retribuir essa forma\u00e7\u00e3o e garantir que outros estudantes tenham a mesma oportunidade de construir seu futuro.<\/span><\/p>\n<p><span style=\"font-weight: 400;\">Isso significa valorizar a forma\u00e7\u00e3o de pessoas, fortalecer o setor e manter a qualifica\u00e7\u00e3o profissional como um dos pilares do desenvolvimento sustent\u00e1vel da ind\u00fastria.<\/span><\/p>\n<h2><b>Oportunidade de apoio com benef\u00edcios fiscais<\/b><\/h2>\n<p><span style=\"font-weight: 400;\">Al\u00e9m de ser uma decis\u00e3o estrat\u00e9gica para a sustentabilidade do setor, apoiar o Primatera pode trazer benef\u00edcios financeiros para empresas que desejam estruturar suas doa\u00e7\u00f5es de maneira eficiente.<\/span><\/p>\n<p><span style=\"font-weight: 400;\">Atualmente, h\u00e1 projetos de lei em tramita\u00e7\u00e3o no Congresso Nacional que buscam permitir a dedu\u00e7\u00e3o no Imposto de Renda para doa\u00e7\u00f5es a fundos patrimoniais, o que tornaria esse investimento ainda mais acess\u00edvel para empresas e profissionais.<\/span><\/p>\n<p><span style=\"font-weight: 400;\">Mesmo antes da aprova\u00e7\u00e3o dessas novas regulamenta\u00e7\u00f5es, j\u00e1 existem formas de integrar o apoio ao Primatera dentro das estrat\u00e9gias de ESG e impacto social. Empresas que investem na forma\u00e7\u00e3o de talentos fortalecem sua imagem institucional e demonstram um compromisso genu\u00edno com a educa\u00e7\u00e3o e com o desenvolvimento sustent\u00e1vel da ind\u00fastria.<\/span><\/p>\n<p><img decoding=\"async\" class=\"aligncenter size-full wp-image-2227\" src=\"https:\/\/fundoprimatera.org.br\/site\/wp-content\/uploads\/2025\/04\/imagens-para-ilustrar-o-arquivo1.png\" alt=\"\" width=\"981\" height=\"513\" srcset=\"https:\/\/fundoprimatera.org.br\/site\/wp-content\/uploads\/2025\/04\/imagens-para-ilustrar-o-arquivo1.png 981w, https:\/\/fundoprimatera.org.br\/site\/wp-content\/uploads\/2025\/04\/imagens-para-ilustrar-o-arquivo1-300x157.png 300w, https:\/\/fundoprimatera.org.br\/site\/wp-content\/uploads\/2025\/04\/imagens-para-ilustrar-o-arquivo1-768x402.png 768w\" sizes=\"(max-width: 981px) 100vw, 981px\" \/><\/p>\n<p><span style=\"font-weight: 400;\">Al\u00e9m disso, h\u00e1 modelos de doa\u00e7\u00e3o que podem ser alinhados \u00e0s pol\u00edticas de responsabilidade social corporativa, garantindo que o investimento no fundo seja n\u00e3o apenas um ato de apoio, mas tamb\u00e9m uma decis\u00e3o estrat\u00e9gica de longo prazo.<\/span><\/p>\n<h2><b>Muito al\u00e9m da filantropia: um investimento no seu pr\u00f3prio legado<\/b><\/h2>\n<p><span style=\"font-weight: 400;\">Apoiar o Primatera n\u00e3o \u00e9 apenas uma a\u00e7\u00e3o social ou um gesto simb\u00f3lico. \u00c9 um investimento real no futuro do setor e na qualidade dos profissionais que ir\u00e3o conduzir a ind\u00fastria nos pr\u00f3ximos anos.<\/span><\/p>\n<p><img decoding=\"async\" class=\"aligncenter size-full wp-image-2226\" src=\"https:\/\/fundoprimatera.org.br\/site\/wp-content\/uploads\/2025\/04\/imagens-para-ilustrar-o-arquivo3.png\" alt=\"\" width=\"981\" height=\"513\" srcset=\"https:\/\/fundoprimatera.org.br\/site\/wp-content\/uploads\/2025\/04\/imagens-para-ilustrar-o-arquivo3.png 981w, https:\/\/fundoprimatera.org.br\/site\/wp-content\/uploads\/2025\/04\/imagens-para-ilustrar-o-arquivo3-300x157.png 300w, https:\/\/fundoprimatera.org.br\/site\/wp-content\/uploads\/2025\/04\/imagens-para-ilustrar-o-arquivo3-768x402.png 768w\" sizes=\"(max-width: 981px) 100vw, 981px\" \/><\/p>\n<p><span style=\"font-weight: 400;\">Empresas que investem na forma\u00e7\u00e3o de novos talentos garantem que ter\u00e3o acesso a profissionais bem preparados e alinhados \u00e0s necessidades do mercado. A continuidade da competitividade do setor depende diretamente da qualifica\u00e7\u00e3o de seus profissionais.<\/span><\/p>\n<p><span style=\"font-weight: 400;\">Se a sua forma\u00e7\u00e3o foi fundamental para a sua trajet\u00f3ria, agora \u00e9 a sua chance de devolver esse conhecimento em forma de apoio \u00e0 nova gera\u00e7\u00e3o de profissionais.\u00a0<\/span><\/p>\n<p><span style=\"font-weight: 400;\">Vamos juntos construir esse futuro? <\/span><span style=\"color: #993300;\"><strong><a style=\"color: #993300;\" href=\"https:\/\/fundoprimatera.org.br\/site\/\">Acesse o site<\/a><\/strong><\/span><span style=\"font-weight: 400;\">, participe e fa\u00e7a sua contribui\u00e7\u00e3o \u2014 seja por doa\u00e7\u00e3o livre ou dep\u00f3sito banc\u00e1rio.<\/span><\/p>\n","protected":false},"excerpt":{"rendered":"<p>Apoiar o Primatera \u00e9 investir na qualifica\u00e7\u00e3o de profissionais para o setor florestal e de bioprodutos, contribuindo com a forma\u00e7\u00e3o de talentos e deixando um legado para toda a cadeia produtiva. O maior ativo da ind\u00fastria de papel e celulose n\u00e3o \u00e9 apenas a tecnologia, a inova\u00e7\u00e3o ou a sustentabilidade. O verdadeiro diferencial est\u00e1 nas [&hellip;]<\/p>\n","protected":false},"author":2,"featured_media":2230,"comment_status":"open","ping_status":"closed","sticky":false,"template":"","format":"standard","meta":{"footnotes":""},"categories":[1],"tags":[],"class_list":["post-2224","post","type-post","status-publish","format-standard","has-post-thumbnail","hentry","category-sem-categoria"],"yoast_head":"<!-- This site is optimized with the Yoast SEO plugin v27.5 - https:\/\/yoast.com\/product\/yoast-seo-wordpress\/ -->\n<title>Por que sua empresa pode fazer a diferen\u00e7a com o Primatera? - Primatera Fundo Patrimonial<\/title>\n<meta name=\"robots\" content=\"index, follow, max-snippet:-1, max-image-preview:large, max-video-preview:-1\" \/>\n<link rel=\"canonical\" href=\"https:\/\/fundoprimatera.org.br\/site\/por-que-sua-empresa-pode-fazer-a-diferenca-com-o-primatera\/\" \/>\n<meta property=\"og:locale\" content=\"pt_BR\" \/>\n<meta property=\"og:type\" content=\"article\" \/>\n<meta property=\"og:title\" content=\"Por que sua empresa pode fazer a diferen\u00e7a com o Primatera? - Primatera Fundo Patrimonial\" \/>\n<meta property=\"og:description\" content=\"Apoiar o Primatera \u00e9 investir na qualifica\u00e7\u00e3o de profissionais para o setor florestal e de bioprodutos, contribuindo com a forma\u00e7\u00e3o de talentos e deixando um legado para toda a cadeia produtiva. O maior ativo da ind\u00fastria de papel e celulose n\u00e3o \u00e9 apenas a tecnologia, a inova\u00e7\u00e3o ou a sustentabilidade. O verdadeiro diferencial est\u00e1 nas [&hellip;]\" \/>\n<meta property=\"og:url\" content=\"https:\/\/fundoprimatera.org.br\/site\/por-que-sua-empresa-pode-fazer-a-diferenca-com-o-primatera\/\" \/>\n<meta property=\"og:site_name\" content=\"Primatera Fundo Patrimonial\" \/>\n<meta property=\"article:published_time\" content=\"2025-04-08T17:46:08+00:00\" \/>\n<meta property=\"article:modified_time\" content=\"2025-05-09T12:34:35+00:00\" \/>\n<meta property=\"og:image\" content=\"https:\/\/fundoprimatera.org.br\/site\/wp-content\/uploads\/2025\/04\/Capa-Blog-v02_Prancheta-1-1-scaled.jpg\" \/>\n\t<meta property=\"og:image:width\" content=\"2560\" \/>\n\t<meta property=\"og:image:height\" content=\"1700\" \/>\n\t<meta property=\"og:image:type\" content=\"image\/jpeg\" \/>\n<meta name=\"author\" content=\"Bruna Vernaschi\" \/>\n<meta name=\"twitter:card\" content=\"summary_large_image\" \/>\n<meta name=\"twitter:label1\" content=\"Escrito por\" \/>\n\t<meta name=\"twitter:data1\" content=\"Bruna Vernaschi\" \/>\n\t<meta name=\"twitter:label2\" content=\"Est. tempo de leitura\" \/>\n\t<meta name=\"twitter:data2\" content=\"4 minutos\" \/>\n<script type=\"application\/ld+json\" class=\"yoast-schema-graph\">{\"@context\":\"https:\\\/\\\/schema.org\",\"@graph\":[{\"@type\":\"Article\",\"@id\":\"https:\\\/\\\/fundoprimatera.org.br\\\/site\\\/por-que-sua-empresa-pode-fazer-a-diferenca-com-o-primatera\\\/#article\",\"isPartOf\":{\"@id\":\"https:\\\/\\\/fundoprimatera.org.br\\\/site\\\/por-que-sua-empresa-pode-fazer-a-diferenca-com-o-primatera\\\/\"},\"author\":{\"name\":\"Bruna Vernaschi\",\"@id\":\"https:\\\/\\\/fundoprimatera.org.br\\\/site\\\/#\\\/schema\\\/person\\\/8b7ee45acf1fef955e60642576809df8\"},\"headline\":\"Por que sua empresa pode fazer a diferen\u00e7a com o Primatera?\",\"datePublished\":\"2025-04-08T17:46:08+00:00\",\"dateModified\":\"2025-05-09T12:34:35+00:00\",\"mainEntityOfPage\":{\"@id\":\"https:\\\/\\\/fundoprimatera.org.br\\\/site\\\/por-que-sua-empresa-pode-fazer-a-diferenca-com-o-primatera\\\/\"},\"wordCount\":660,\"commentCount\":0,\"image\":{\"@id\":\"https:\\\/\\\/fundoprimatera.org.br\\\/site\\\/por-que-sua-empresa-pode-fazer-a-diferenca-com-o-primatera\\\/#primaryimage\"},\"thumbnailUrl\":\"https:\\\/\\\/fundoprimatera.org.br\\\/site\\\/wp-content\\\/uploads\\\/2025\\\/04\\\/Capa-Blog-v02_Prancheta-1-1-scaled.jpg\",\"inLanguage\":\"pt-BR\",\"potentialAction\":[{\"@type\":\"CommentAction\",\"name\":\"Comment\",\"target\":[\"https:\\\/\\\/fundoprimatera.org.br\\\/site\\\/por-que-sua-empresa-pode-fazer-a-diferenca-com-o-primatera\\\/#respond\"]}]},{\"@type\":\"WebPage\",\"@id\":\"https:\\\/\\\/fundoprimatera.org.br\\\/site\\\/por-que-sua-empresa-pode-fazer-a-diferenca-com-o-primatera\\\/\",\"url\":\"https:\\\/\\\/fundoprimatera.org.br\\\/site\\\/por-que-sua-empresa-pode-fazer-a-diferenca-com-o-primatera\\\/\",\"name\":\"Por que sua empresa pode fazer a diferen\u00e7a com o Primatera? - Primatera Fundo Patrimonial\",\"isPartOf\":{\"@id\":\"https:\\\/\\\/fundoprimatera.org.br\\\/site\\\/#website\"},\"primaryImageOfPage\":{\"@id\":\"https:\\\/\\\/fundoprimatera.org.br\\\/site\\\/por-que-sua-empresa-pode-fazer-a-diferenca-com-o-primatera\\\/#primaryimage\"},\"image\":{\"@id\":\"https:\\\/\\\/fundoprimatera.org.br\\\/site\\\/por-que-sua-empresa-pode-fazer-a-diferenca-com-o-primatera\\\/#primaryimage\"},\"thumbnailUrl\":\"https:\\\/\\\/fundoprimatera.org.br\\\/site\\\/wp-content\\\/uploads\\\/2025\\\/04\\\/Capa-Blog-v02_Prancheta-1-1-scaled.jpg\",\"datePublished\":\"2025-04-08T17:46:08+00:00\",\"dateModified\":\"2025-05-09T12:34:35+00:00\",\"author\":{\"@id\":\"https:\\\/\\\/fundoprimatera.org.br\\\/site\\\/#\\\/schema\\\/person\\\/8b7ee45acf1fef955e60642576809df8\"},\"breadcrumb\":{\"@id\":\"https:\\\/\\\/fundoprimatera.org.br\\\/site\\\/por-que-sua-empresa-pode-fazer-a-diferenca-com-o-primatera\\\/#breadcrumb\"},\"inLanguage\":\"pt-BR\",\"potentialAction\":[{\"@type\":\"ReadAction\",\"target\":[\"https:\\\/\\\/fundoprimatera.org.br\\\/site\\\/por-que-sua-empresa-pode-fazer-a-diferenca-com-o-primatera\\\/\"]}]},{\"@type\":\"ImageObject\",\"inLanguage\":\"pt-BR\",\"@id\":\"https:\\\/\\\/fundoprimatera.org.br\\\/site\\\/por-que-sua-empresa-pode-fazer-a-diferenca-com-o-primatera\\\/#primaryimage\",\"url\":\"https:\\\/\\\/fundoprimatera.org.br\\\/site\\\/wp-content\\\/uploads\\\/2025\\\/04\\\/Capa-Blog-v02_Prancheta-1-1-scaled.jpg\",\"contentUrl\":\"https:\\\/\\\/fundoprimatera.org.br\\\/site\\\/wp-content\\\/uploads\\\/2025\\\/04\\\/Capa-Blog-v02_Prancheta-1-1-scaled.jpg\",\"width\":2560,\"height\":1700},{\"@type\":\"BreadcrumbList\",\"@id\":\"https:\\\/\\\/fundoprimatera.org.br\\\/site\\\/por-que-sua-empresa-pode-fazer-a-diferenca-com-o-primatera\\\/#breadcrumb\",\"itemListElement\":[{\"@type\":\"ListItem\",\"position\":1,\"name\":\"In\u00edcio\",\"item\":\"https:\\\/\\\/fundoprimatera.org.br\\\/site\\\/\"},{\"@type\":\"ListItem\",\"position\":2,\"name\":\"Por que sua empresa pode fazer a diferen\u00e7a com o Primatera?\"}]},{\"@type\":\"WebSite\",\"@id\":\"https:\\\/\\\/fundoprimatera.org.br\\\/site\\\/#website\",\"url\":\"https:\\\/\\\/fundoprimatera.org.br\\\/site\\\/\",\"name\":\"Primatera Fundo Patrimonial\",\"description\":\"Primatera Fundo Patrimonial\",\"potentialAction\":[{\"@type\":\"SearchAction\",\"target\":{\"@type\":\"EntryPoint\",\"urlTemplate\":\"https:\\\/\\\/fundoprimatera.org.br\\\/site\\\/?s={search_term_string}\"},\"query-input\":{\"@type\":\"PropertyValueSpecification\",\"valueRequired\":true,\"valueName\":\"search_term_string\"}}],\"inLanguage\":\"pt-BR\"},{\"@type\":\"Person\",\"@id\":\"https:\\\/\\\/fundoprimatera.org.br\\\/site\\\/#\\\/schema\\\/person\\\/8b7ee45acf1fef955e60642576809df8\",\"name\":\"Bruna Vernaschi\",\"image\":{\"@type\":\"ImageObject\",\"inLanguage\":\"pt-BR\",\"@id\":\"https:\\\/\\\/secure.gravatar.com\\\/avatar\\\/c81bc79cd3e282d5b1f059421e66e8bf9745fff4f35653d7ede70706e4796ee8?s=96&d=mm&r=g\",\"url\":\"https:\\\/\\\/secure.gravatar.com\\\/avatar\\\/c81bc79cd3e282d5b1f059421e66e8bf9745fff4f35653d7ede70706e4796ee8?s=96&d=mm&r=g\",\"contentUrl\":\"https:\\\/\\\/secure.gravatar.com\\\/avatar\\\/c81bc79cd3e282d5b1f059421e66e8bf9745fff4f35653d7ede70706e4796ee8?s=96&d=mm&r=g\",\"caption\":\"Bruna Vernaschi\"},\"url\":\"https:\\\/\\\/fundoprimatera.org.br\\\/site\\\/author\\\/bruna\\\/\"}]}<\/script>\n<!-- \/ Yoast SEO plugin. -->","yoast_head_json":{"title":"Por que sua empresa pode fazer a diferen\u00e7a com o Primatera? - Primatera Fundo Patrimonial","robots":{"index":"index","follow":"follow","max-snippet":"max-snippet:-1","max-image-preview":"max-image-preview:large","max-video-preview":"max-video-preview:-1"},"canonical":"https:\/\/fundoprimatera.org.br\/site\/por-que-sua-empresa-pode-fazer-a-diferenca-com-o-primatera\/","og_locale":"pt_BR","og_type":"article","og_title":"Por que sua empresa pode fazer a diferen\u00e7a com o Primatera? - Primatera Fundo Patrimonial","og_description":"Apoiar o Primatera \u00e9 investir na qualifica\u00e7\u00e3o de profissionais para o setor florestal e de bioprodutos, contribuindo com a forma\u00e7\u00e3o de talentos e deixando um legado para toda a cadeia produtiva. O maior ativo da ind\u00fastria de papel e celulose n\u00e3o \u00e9 apenas a tecnologia, a inova\u00e7\u00e3o ou a sustentabilidade. O verdadeiro diferencial est\u00e1 nas [&hellip;]","og_url":"https:\/\/fundoprimatera.org.br\/site\/por-que-sua-empresa-pode-fazer-a-diferenca-com-o-primatera\/","og_site_name":"Primatera Fundo Patrimonial","article_published_time":"2025-04-08T17:46:08+00:00","article_modified_time":"2025-05-09T12:34:35+00:00","og_image":[{"width":2560,"height":1700,"url":"https:\/\/fundoprimatera.org.br\/site\/wp-content\/uploads\/2025\/04\/Capa-Blog-v02_Prancheta-1-1-scaled.jpg","type":"image\/jpeg"}],"author":"Bruna Vernaschi","twitter_card":"summary_large_image","twitter_misc":{"Escrito por":"Bruna Vernaschi","Est. tempo de leitura":"4 minutos"},"schema":{"@context":"https:\/\/schema.org","@graph":[{"@type":"Article","@id":"https:\/\/fundoprimatera.org.br\/site\/por-que-sua-empresa-pode-fazer-a-diferenca-com-o-primatera\/#article","isPartOf":{"@id":"https:\/\/fundoprimatera.org.br\/site\/por-que-sua-empresa-pode-fazer-a-diferenca-com-o-primatera\/"},"author":{"name":"Bruna Vernaschi","@id":"https:\/\/fundoprimatera.org.br\/site\/#\/schema\/person\/8b7ee45acf1fef955e60642576809df8"},"headline":"Por que sua empresa pode fazer a diferen\u00e7a com o Primatera?","datePublished":"2025-04-08T17:46:08+00:00","dateModified":"2025-05-09T12:34:35+00:00","mainEntityOfPage":{"@id":"https:\/\/fundoprimatera.org.br\/site\/por-que-sua-empresa-pode-fazer-a-diferenca-com-o-primatera\/"},"wordCount":660,"commentCount":0,"image":{"@id":"https:\/\/fundoprimatera.org.br\/site\/por-que-sua-empresa-pode-fazer-a-diferenca-com-o-primatera\/#primaryimage"},"thumbnailUrl":"https:\/\/fundoprimatera.org.br\/site\/wp-content\/uploads\/2025\/04\/Capa-Blog-v02_Prancheta-1-1-scaled.jpg","inLanguage":"pt-BR","potentialAction":[{"@type":"CommentAction","name":"Comment","target":["https:\/\/fundoprimatera.org.br\/site\/por-que-sua-empresa-pode-fazer-a-diferenca-com-o-primatera\/#respond"]}]},{"@type":"WebPage","@id":"https:\/\/fundoprimatera.org.br\/site\/por-que-sua-empresa-pode-fazer-a-diferenca-com-o-primatera\/","url":"https:\/\/fundoprimatera.org.br\/site\/por-que-sua-empresa-pode-fazer-a-diferenca-com-o-primatera\/","name":"Por que sua empresa pode fazer a diferen\u00e7a com o Primatera? - Primatera Fundo Patrimonial","isPartOf":{"@id":"https:\/\/fundoprimatera.org.br\/site\/#website"},"primaryImageOfPage":{"@id":"https:\/\/fundoprimatera.org.br\/site\/por-que-sua-empresa-pode-fazer-a-diferenca-com-o-primatera\/#primaryimage"},"image":{"@id":"https:\/\/fundoprimatera.org.br\/site\/por-que-sua-empresa-pode-fazer-a-diferenca-com-o-primatera\/#primaryimage"},"thumbnailUrl":"https:\/\/fundoprimatera.org.br\/site\/wp-content\/uploads\/2025\/04\/Capa-Blog-v02_Prancheta-1-1-scaled.jpg","datePublished":"2025-04-08T17:46:08+00:00","dateModified":"2025-05-09T12:34:35+00:00","author":{"@id":"https:\/\/fundoprimatera.org.br\/site\/#\/schema\/person\/8b7ee45acf1fef955e60642576809df8"},"breadcrumb":{"@id":"https:\/\/fundoprimatera.org.br\/site\/por-que-sua-empresa-pode-fazer-a-diferenca-com-o-primatera\/#breadcrumb"},"inLanguage":"pt-BR","potentialAction":[{"@type":"ReadAction","target":["https:\/\/fundoprimatera.org.br\/site\/por-que-sua-empresa-pode-fazer-a-diferenca-com-o-primatera\/"]}]},{"@type":"ImageObject","inLanguage":"pt-BR","@id":"https:\/\/fundoprimatera.org.br\/site\/por-que-sua-empresa-pode-fazer-a-diferenca-com-o-primatera\/#primaryimage","url":"https:\/\/fundoprimatera.org.br\/site\/wp-content\/uploads\/2025\/04\/Capa-Blog-v02_Prancheta-1-1-scaled.jpg","contentUrl":"https:\/\/fundoprimatera.org.br\/site\/wp-content\/uploads\/2025\/04\/Capa-Blog-v02_Prancheta-1-1-scaled.jpg","width":2560,"height":1700},{"@type":"BreadcrumbList","@id":"https:\/\/fundoprimatera.org.br\/site\/por-que-sua-empresa-pode-fazer-a-diferenca-com-o-primatera\/#breadcrumb","itemListElement":[{"@type":"ListItem","position":1,"name":"In\u00edcio","item":"https:\/\/fundoprimatera.org.br\/site\/"},{"@type":"ListItem","position":2,"name":"Por que sua empresa pode fazer a diferen\u00e7a com o Primatera?"}]},{"@type":"WebSite","@id":"https:\/\/fundoprimatera.org.br\/site\/#website","url":"https:\/\/fundoprimatera.org.br\/site\/","name":"Primatera Fundo Patrimonial","description":"Primatera Fundo Patrimonial","potentialAction":[{"@type":"SearchAction","target":{"@type":"EntryPoint","urlTemplate":"https:\/\/fundoprimatera.org.br\/site\/?s={search_term_string}"},"query-input":{"@type":"PropertyValueSpecification","valueRequired":true,"valueName":"search_term_string"}}],"inLanguage":"pt-BR"},{"@type":"Person","@id":"https:\/\/fundoprimatera.org.br\/site\/#\/schema\/person\/8b7ee45acf1fef955e60642576809df8","name":"Bruna Vernaschi","image":{"@type":"ImageObject","inLanguage":"pt-BR","@id":"https:\/\/secure.gravatar.com\/avatar\/c81bc79cd3e282d5b1f059421e66e8bf9745fff4f35653d7ede70706e4796ee8?s=96&d=mm&r=g","url":"https:\/\/secure.gravatar.com\/avatar\/c81bc79cd3e282d5b1f059421e66e8bf9745fff4f35653d7ede70706e4796ee8?s=96&d=mm&r=g","contentUrl":"https:\/\/secure.gravatar.com\/avatar\/c81bc79cd3e282d5b1f059421e66e8bf9745fff4f35653d7ede70706e4796ee8?s=96&d=mm&r=g","caption":"Bruna Vernaschi"},"url":"https:\/\/fundoprimatera.org.br\/site\/author\/bruna\/"}]}},"_links":{"self":[{"href":"https:\/\/fundoprimatera.org.br\/site\/wp-json\/wp\/v2\/posts\/2224","targetHints":{"allow":["GET"]}}],"collection":[{"href":"https:\/\/fundoprimatera.org.br\/site\/wp-json\/wp\/v2\/posts"}],"about":[{"href":"https:\/\/fundoprimatera.org.br\/site\/wp-json\/wp\/v2\/types\/post"}],"author":[{"embeddable":true,"href":"https:\/\/fundoprimatera.org.br\/site\/wp-json\/wp\/v2\/users\/2"}],"replies":[{"embeddable":true,"href":"https:\/\/fundoprimatera.org.br\/site\/wp-json\/wp\/v2\/comments?post=2224"}],"version-history":[{"count":3,"href":"https:\/\/fundoprimatera.org.br\/site\/wp-json\/wp\/v2\/posts\/2224\/revisions"}],"predecessor-version":[{"id":2232,"href":"https:\/\/fundoprimatera.org.br\/site\/wp-json\/wp\/v2\/posts\/2224\/revisions\/2232"}],"wp:featuredmedia":[{"embeddable":true,"href":"https:\/\/fundoprimatera.org.br\/site\/wp-json\/wp\/v2\/media\/2230"}],"wp:attachment":[{"href":"https:\/\/fundoprimatera.org.br\/site\/wp-json\/wp\/v2\/media?parent=2224"}],"wp:term":[{"taxonomy":"category","embeddable":true,"href":"https:\/\/fundoprimatera.org.br\/site\/wp-json\/wp\/v2\/categories?post=2224"},{"taxonomy":"post_tag","embeddable":true,"href":"https:\/\/fundoprimatera.org.br\/site\/wp-json\/wp\/v2\/tags?post=2224"}],"curies":[{"name":"wp","href":"https:\/\/api.w.org\/{rel}","templated":true}]}}