{"id":2183,"date":"2024-11-04T10:38:32","date_gmt":"2024-11-04T13:38:32","guid":{"rendered":"https:\/\/fundoprimatera.org.br\/site\/?p=2183"},"modified":"2024-11-04T10:38:32","modified_gmt":"2024-11-04T13:38:32","slug":"fortalecendo-a-pesquisa-como-os-fundos-patrimoniais-estimulam-a-colaboracao-entre-universidades-e-empresas-do-setor-florestal","status":"publish","type":"post","link":"https:\/\/fundoprimatera.org.br\/site\/fortalecendo-a-pesquisa-como-os-fundos-patrimoniais-estimulam-a-colaboracao-entre-universidades-e-empresas-do-setor-florestal\/","title":{"rendered":"Fortalecendo a pesquisa: como os fundos patrimoniais estimulam a colabora\u00e7\u00e3o entre universidades e empresas do setor florestal"},"content":{"rendered":"<p><img fetchpriority=\"high\" decoding=\"async\" class=\"aligncenter size-full wp-image-2185\" src=\"https:\/\/fundoprimatera.org.br\/site\/wp-content\/uploads\/2024\/11\/banner-cabecalho-01-scaled.jpg\" alt=\"\" width=\"2560\" height=\"932\" srcset=\"https:\/\/fundoprimatera.org.br\/site\/wp-content\/uploads\/2024\/11\/banner-cabecalho-01-scaled.jpg 2560w, https:\/\/fundoprimatera.org.br\/site\/wp-content\/uploads\/2024\/11\/banner-cabecalho-01-300x109.jpg 300w, https:\/\/fundoprimatera.org.br\/site\/wp-content\/uploads\/2024\/11\/banner-cabecalho-01-1024x373.jpg 1024w, https:\/\/fundoprimatera.org.br\/site\/wp-content\/uploads\/2024\/11\/banner-cabecalho-01-768x280.jpg 768w, https:\/\/fundoprimatera.org.br\/site\/wp-content\/uploads\/2024\/11\/banner-cabecalho-01-1536x559.jpg 1536w, https:\/\/fundoprimatera.org.br\/site\/wp-content\/uploads\/2024\/11\/banner-cabecalho-01-2048x746.jpg 2048w\" sizes=\"(max-width: 2560px) 100vw, 2560px\" \/><\/p>\n<p><span style=\"font-weight: 400;\">O setor florestal no Brasil representa uma das ind\u00fastrias mais estrat\u00e9gicas para a economia nacional, e seu desenvolvimento cont\u00ednuo depende de inova\u00e7\u00e3o, sustentabilidade e, principalmente, de pessoas qualificadas.\u00a0<\/span><\/p>\n<p><span style=\"font-weight: 400;\">Atrav\u00e9s da uni\u00e3o entre universidades e empresas, criam-se oportunidades para solu\u00e7\u00f5es sustent\u00e1veis e para a forma\u00e7\u00e3o de profissionais que garantir\u00e3o o futuro do setor. Fundos patrimoniais, como o <\/span><a href=\"https:\/\/fundoprimatera.org.br\/site\/\"><span style=\"font-weight: 400;\">Primatera<\/span><\/a><span style=\"font-weight: 400;\">, t\u00eam um papel central nessa articula\u00e7\u00e3o. Ao investir na forma\u00e7\u00e3o de novos profissionais, esses fundos fomentam a cria\u00e7\u00e3o de condi\u00e7\u00f5es para uma transfer\u00eancia de conhecimento eficaz entre o meio acad\u00eamico e o setor produtivo.<\/span><\/p>\n<p><span style=\"font-weight: 400;\">A seguir, entenda de que maneira essas parcerias impulsionam o desenvolvimento do setor e como o investimento em pessoas \u00e9 fundamental para enfrentar os desafios do futuro.<\/span><\/p>\n<h2><b>O papel dos Fundos Patrimoniais na forma\u00e7\u00e3o de pessoas<\/b><\/h2>\n<p><span style=\"font-weight: 400;\">Os fundos patrimoniais v\u00e3o al\u00e9m de financiar pesquisas ou inova\u00e7\u00f5es tecnol\u00f3gicas. Eles representam um compromisso de longo prazo com a forma\u00e7\u00e3o de talentos e a capacita\u00e7\u00e3o de futuros l\u00edderes no setor florestal.\u00a0<\/span><\/p>\n<p><span style=\"font-weight: 400;\">Esse compromisso n\u00e3o se limita apenas ao ambiente acad\u00eamico, mas permeia todo o ciclo de inova\u00e7\u00e3o que conecta as universidades \u00e0s demandas do mercado. Atrav\u00e9s da colabora\u00e7\u00e3o com empresas, as universidades podem proporcionar aos estudantes uma experi\u00eancia mais pr\u00e1tica e conectada com as demandas reais do setor.\u00a0<\/span><\/p>\n<p><span style=\"font-weight: 400;\">Ao mesmo tempo, as empresas t\u00eam a oportunidade de moldar os futuros profissionais, influenciando diretamente a qualifica\u00e7\u00e3o da for\u00e7a de trabalho que ir\u00e3o contratar. Esse ciclo gera valor para ambas as partes, mas tamb\u00e9m garante que o conhecimento gerado nas universidades encontre uma aplica\u00e7\u00e3o direta no campo.<\/span><\/p>\n<p><img decoding=\"async\" class=\"aligncenter size-full wp-image-2187\" src=\"https:\/\/fundoprimatera.org.br\/site\/wp-content\/uploads\/2024\/11\/imagens-para-ilustrar-o-arquivo.png\" alt=\"\" width=\"981\" height=\"513\" srcset=\"https:\/\/fundoprimatera.org.br\/site\/wp-content\/uploads\/2024\/11\/imagens-para-ilustrar-o-arquivo.png 981w, https:\/\/fundoprimatera.org.br\/site\/wp-content\/uploads\/2024\/11\/imagens-para-ilustrar-o-arquivo-300x157.png 300w, https:\/\/fundoprimatera.org.br\/site\/wp-content\/uploads\/2024\/11\/imagens-para-ilustrar-o-arquivo-768x402.png 768w\" sizes=\"(max-width: 981px) 100vw, 981px\" \/><\/p>\n<h2><b>Colabora\u00e7\u00e3o entre Universidades e Empresas: um modelo de sucesso<\/b><\/h2>\n<p><span style=\"font-weight: 400;\">A sinergia entre a pesquisa acad\u00eamica e o setor privado \u00e9 essencial para o avan\u00e7o de pr\u00e1ticas sustent\u00e1veis e a introdu\u00e7\u00e3o de novas tecnologias no setor florestal. Empresas do setor, muitas vezes, precisam de solu\u00e7\u00f5es inovadoras para quest\u00f5es como o manejo sustent\u00e1vel, a conserva\u00e7\u00e3o da biodiversidade e a otimiza\u00e7\u00e3o dos processos produtivos. As universidades, por outro lado, t\u00eam o conhecimento t\u00e9cnico e a capacidade de pesquisa, mas muitas vezes enfrentam limita\u00e7\u00f5es de recursos ou de conex\u00e3o direta com o mercado.<\/span><\/p>\n<p><span style=\"font-weight: 400;\">Com o apoio cont\u00ednuo de recursos sustent\u00e1veis, essas parcerias possibilitam que universidades e empresas trabalhem em solu\u00e7\u00f5es de longo prazo, focadas n\u00e3o apenas em resolver problemas imediatos, mas tamb\u00e9m em estabelecer uma cultura de inova\u00e7\u00e3o. Essas parcerias possibilitam:<\/span><\/p>\n<ul>\n<li style=\"font-weight: 400;\" aria-level=\"1\"><b>Desenvolvimento de novas tecnologias: <\/b><span style=\"font-weight: 400;\">Projetos conjuntos podem levar \u00e0 cria\u00e7\u00e3o de maquin\u00e1rios mais eficientes ou de m\u00e9todos de manejo florestal que respeitem os limites ambientais, ao mesmo tempo em que aumentam a produtividade;<\/span><\/li>\n<li style=\"font-weight: 400;\" aria-level=\"1\"><b>Forma\u00e7\u00e3o de redes de conhecimento: <\/b><span style=\"font-weight: 400;\">Pesquisadores, estudantes e profissionais do setor privado trocam experi\u00eancias e conhecimentos, ampliando o repert\u00f3rio t\u00e9cnico e estrat\u00e9gico de todos os envolvidos;<\/span><\/li>\n<li style=\"font-weight: 400;\" aria-level=\"1\"><b>Aplica\u00e7\u00e3o direta de projetos:<\/b><span style=\"font-weight: 400;\"> Iniciativas desenvolvidas em parceria podem ser rapidamente aplicadas no campo, permitindo que empresas testem inova\u00e7\u00f5es diretamente em suas opera\u00e7\u00f5es e colham os resultados em tempo real.<\/span><\/li>\n<\/ul>\n<h2><\/h2>\n<p><img decoding=\"async\" class=\"aligncenter size-full wp-image-2189\" src=\"https:\/\/fundoprimatera.org.br\/site\/wp-content\/uploads\/2024\/11\/imagens-para-ilustrar-o-arquivo2.png\" alt=\"\" width=\"981\" height=\"513\" srcset=\"https:\/\/fundoprimatera.org.br\/site\/wp-content\/uploads\/2024\/11\/imagens-para-ilustrar-o-arquivo2.png 981w, https:\/\/fundoprimatera.org.br\/site\/wp-content\/uploads\/2024\/11\/imagens-para-ilustrar-o-arquivo2-300x157.png 300w, https:\/\/fundoprimatera.org.br\/site\/wp-content\/uploads\/2024\/11\/imagens-para-ilustrar-o-arquivo2-768x402.png 768w\" sizes=\"(max-width: 981px) 100vw, 981px\" \/><\/p>\n<h2><b>Forma\u00e7\u00e3o de uma nova gera\u00e7\u00e3o de profissionais<\/b><\/h2>\n<p><span style=\"font-weight: 400;\">Um dos principais focos do Primatera, e de outros fundos patrimoniais, \u00e9 assegurar que o setor florestal brasileiro continue a contar com profissionais capacitados, alinhados com os princ\u00edpios da sustentabilidade e da inova\u00e7\u00e3o. A forma\u00e7\u00e3o desses profissionais n\u00e3o se d\u00e1 apenas no aspecto t\u00e9cnico, mas envolve uma prepara\u00e7\u00e3o ampla para lidar com desafios globais, como mudan\u00e7as clim\u00e1ticas, exig\u00eancias regulat\u00f3rias e mercados cada vez mais exigentes quanto \u00e0 sustentabilidade dos produtos.<\/span><\/p>\n<p><span style=\"font-weight: 400;\">Ao colaborar com empresas, os fundos patrimoniais oferecem aos estudantes oportunidades \u00fanicas de est\u00e1gios, programas de mentoria e projetos de pesquisa aplicada, todos voltados para a resolu\u00e7\u00e3o de problemas reais do setor. Essas experi\u00eancias pr\u00e1ticas garantem que, ao entrarem no mercado, os jovens profissionais j\u00e1 tenham uma vis\u00e3o clara e imediata do impacto que podem gerar, transformando o setor de dentro para fora.<\/span><\/p>\n<h2><img loading=\"lazy\" decoding=\"async\" class=\"aligncenter size-full wp-image-2188\" src=\"https:\/\/fundoprimatera.org.br\/site\/wp-content\/uploads\/2024\/11\/imagens-para-ilustrar-o-arquivo3.png\" alt=\"\" width=\"981\" height=\"513\" srcset=\"https:\/\/fundoprimatera.org.br\/site\/wp-content\/uploads\/2024\/11\/imagens-para-ilustrar-o-arquivo3.png 981w, https:\/\/fundoprimatera.org.br\/site\/wp-content\/uploads\/2024\/11\/imagens-para-ilustrar-o-arquivo3-300x157.png 300w, https:\/\/fundoprimatera.org.br\/site\/wp-content\/uploads\/2024\/11\/imagens-para-ilustrar-o-arquivo3-768x402.png 768w\" sizes=\"(max-width: 981px) 100vw, 981px\" \/><\/h2>\n<h2><b>Retribui\u00e7\u00e3o e reconhecimento<\/b><\/h2>\n<p><span style=\"font-weight: 400;\">O ciclo virtuoso que os fundos patrimoniais geram \u00e9 tamb\u00e9m marcado por um forte sentido de retribui\u00e7\u00e3o. Profissionais que foram beneficiados por esses programas muitas vezes reconhecem a import\u00e2ncia da forma\u00e7\u00e3o que receberam e fazem quest\u00e3o de retribuir, seja apoiando novos projetos, seja incentivando futuras gera\u00e7\u00f5es a seguirem o mesmo caminho. Essa troca constante n\u00e3o \u00e9 apenas financeira, mas tamb\u00e9m um investimento cont\u00ednuo em novas ideias, garantindo que o ciclo de inova\u00e7\u00e3o e forma\u00e7\u00e3o se mantenha vivo.<\/span><\/p>\n<p><span style=\"font-weight: 400;\">Esse reconhecimento por parte dos profissionais que j\u00e1 atuam no setor \u00e9 a prova viva de que investir em gente \u00e9 o caminho mais seguro para construir um futuro mais sustent\u00e1vel e inovador para o setor florestal. E \u00e9 esse impacto que os fundos patrimoniais, como o Primatera, buscam perpetuar: uma rela\u00e7\u00e3o de troca, crescimento e avan\u00e7o m\u00fatuo entre academia, empresas e, sobretudo, as pessoas.<\/span><\/p>\n<p><span style=\"font-weight: 400;\">Se voc\u00ea acredita no poder da educa\u00e7\u00e3o e da inova\u00e7\u00e3o para transformar o setor florestal, considere doar para o Primatera. Com sua contribui\u00e7\u00e3o, investimos na forma\u00e7\u00e3o de futuros profissionais que ir\u00e3o liderar o caminho para um setor florestal mais sustent\u00e1vel e inovador. Juntos, podemos garantir que o Brasil continue a formar profissionais de excel\u00eancia, preparados para enfrentar os desafios globais com solu\u00e7\u00f5es locais.<\/span><\/p>\n<p><a href=\"https:\/\/fundoprimatera.org.br\/site\/\"><span style=\"font-weight: 400;\">Doe agora<\/span><\/a><span style=\"font-weight: 400;\"> e fa\u00e7a parte dessa transforma\u00e7\u00e3o!<\/span><\/p>\n","protected":false},"excerpt":{"rendered":"<p>O setor florestal no Brasil representa uma das ind\u00fastrias mais estrat\u00e9gicas para a economia nacional, e seu desenvolvimento cont\u00ednuo depende de inova\u00e7\u00e3o, sustentabilidade e, principalmente, de pessoas qualificadas.\u00a0 Atrav\u00e9s da uni\u00e3o entre universidades e empresas, criam-se oportunidades para solu\u00e7\u00f5es sustent\u00e1veis e para a forma\u00e7\u00e3o de profissionais que garantir\u00e3o o futuro do setor. Fundos patrimoniais, como [&hellip;]<\/p>\n","protected":false},"author":2,"featured_media":2184,"comment_status":"open","ping_status":"closed","sticky":false,"template":"","format":"standard","meta":{"footnotes":""},"categories":[1],"tags":[],"class_list":["post-2183","post","type-post","status-publish","format-standard","has-post-thumbnail","hentry","category-sem-categoria"],"yoast_head":"<!-- This site is optimized with the Yoast SEO plugin v27.5 - https:\/\/yoast.com\/product\/yoast-seo-wordpress\/ -->\n<title>Fortalecendo a pesquisa: como os fundos patrimoniais estimulam a colabora\u00e7\u00e3o entre universidades e empresas do setor florestal - Primatera Fundo Patrimonial<\/title>\n<meta name=\"robots\" content=\"index, follow, max-snippet:-1, max-image-preview:large, max-video-preview:-1\" \/>\n<link rel=\"canonical\" href=\"https:\/\/fundoprimatera.org.br\/site\/fortalecendo-a-pesquisa-como-os-fundos-patrimoniais-estimulam-a-colaboracao-entre-universidades-e-empresas-do-setor-florestal\/\" \/>\n<meta property=\"og:locale\" content=\"pt_BR\" \/>\n<meta property=\"og:type\" content=\"article\" \/>\n<meta property=\"og:title\" content=\"Fortalecendo a pesquisa: como os fundos patrimoniais estimulam a colabora\u00e7\u00e3o entre universidades e empresas do setor florestal - Primatera Fundo Patrimonial\" \/>\n<meta property=\"og:description\" content=\"O setor florestal no Brasil representa uma das ind\u00fastrias mais estrat\u00e9gicas para a economia nacional, e seu desenvolvimento cont\u00ednuo depende de inova\u00e7\u00e3o, sustentabilidade e, principalmente, de pessoas qualificadas.\u00a0 Atrav\u00e9s da uni\u00e3o entre universidades e empresas, criam-se oportunidades para solu\u00e7\u00f5es sustent\u00e1veis e para a forma\u00e7\u00e3o de profissionais que garantir\u00e3o o futuro do setor. Fundos patrimoniais, como [&hellip;]\" \/>\n<meta property=\"og:url\" content=\"https:\/\/fundoprimatera.org.br\/site\/fortalecendo-a-pesquisa-como-os-fundos-patrimoniais-estimulam-a-colaboracao-entre-universidades-e-empresas-do-setor-florestal\/\" \/>\n<meta property=\"og:site_name\" content=\"Primatera Fundo Patrimonial\" \/>\n<meta property=\"article:published_time\" content=\"2024-11-04T13:38:32+00:00\" \/>\n<meta property=\"og:image\" content=\"https:\/\/fundoprimatera.org.br\/site\/wp-content\/uploads\/2024\/11\/Capa-Blog_Prancheta-1-scaled.jpg\" \/>\n\t<meta property=\"og:image:width\" content=\"2560\" \/>\n\t<meta property=\"og:image:height\" content=\"1700\" \/>\n\t<meta property=\"og:image:type\" content=\"image\/jpeg\" \/>\n<meta name=\"author\" content=\"Bruna Vernaschi\" \/>\n<meta name=\"twitter:card\" content=\"summary_large_image\" \/>\n<meta name=\"twitter:label1\" content=\"Escrito por\" \/>\n\t<meta name=\"twitter:data1\" content=\"Bruna Vernaschi\" \/>\n\t<meta name=\"twitter:label2\" content=\"Est. tempo de leitura\" \/>\n\t<meta name=\"twitter:data2\" content=\"6 minutos\" \/>\n<script type=\"application\/ld+json\" class=\"yoast-schema-graph\">{\"@context\":\"https:\\\/\\\/schema.org\",\"@graph\":[{\"@type\":\"Article\",\"@id\":\"https:\\\/\\\/fundoprimatera.org.br\\\/site\\\/fortalecendo-a-pesquisa-como-os-fundos-patrimoniais-estimulam-a-colaboracao-entre-universidades-e-empresas-do-setor-florestal\\\/#article\",\"isPartOf\":{\"@id\":\"https:\\\/\\\/fundoprimatera.org.br\\\/site\\\/fortalecendo-a-pesquisa-como-os-fundos-patrimoniais-estimulam-a-colaboracao-entre-universidades-e-empresas-do-setor-florestal\\\/\"},\"author\":{\"name\":\"Bruna Vernaschi\",\"@id\":\"https:\\\/\\\/fundoprimatera.org.br\\\/site\\\/#\\\/schema\\\/person\\\/8b7ee45acf1fef955e60642576809df8\"},\"headline\":\"Fortalecendo a pesquisa: como os fundos patrimoniais estimulam a colabora\u00e7\u00e3o entre universidades e empresas do setor florestal\",\"datePublished\":\"2024-11-04T13:38:32+00:00\",\"mainEntityOfPage\":{\"@id\":\"https:\\\/\\\/fundoprimatera.org.br\\\/site\\\/fortalecendo-a-pesquisa-como-os-fundos-patrimoniais-estimulam-a-colaboracao-entre-universidades-e-empresas-do-setor-florestal\\\/\"},\"wordCount\":945,\"commentCount\":0,\"image\":{\"@id\":\"https:\\\/\\\/fundoprimatera.org.br\\\/site\\\/fortalecendo-a-pesquisa-como-os-fundos-patrimoniais-estimulam-a-colaboracao-entre-universidades-e-empresas-do-setor-florestal\\\/#primaryimage\"},\"thumbnailUrl\":\"https:\\\/\\\/fundoprimatera.org.br\\\/site\\\/wp-content\\\/uploads\\\/2024\\\/11\\\/Capa-Blog_Prancheta-1-scaled.jpg\",\"inLanguage\":\"pt-BR\",\"potentialAction\":[{\"@type\":\"CommentAction\",\"name\":\"Comment\",\"target\":[\"https:\\\/\\\/fundoprimatera.org.br\\\/site\\\/fortalecendo-a-pesquisa-como-os-fundos-patrimoniais-estimulam-a-colaboracao-entre-universidades-e-empresas-do-setor-florestal\\\/#respond\"]}]},{\"@type\":\"WebPage\",\"@id\":\"https:\\\/\\\/fundoprimatera.org.br\\\/site\\\/fortalecendo-a-pesquisa-como-os-fundos-patrimoniais-estimulam-a-colaboracao-entre-universidades-e-empresas-do-setor-florestal\\\/\",\"url\":\"https:\\\/\\\/fundoprimatera.org.br\\\/site\\\/fortalecendo-a-pesquisa-como-os-fundos-patrimoniais-estimulam-a-colaboracao-entre-universidades-e-empresas-do-setor-florestal\\\/\",\"name\":\"Fortalecendo a pesquisa: como os fundos patrimoniais estimulam a colabora\u00e7\u00e3o entre universidades e empresas do setor florestal - Primatera Fundo Patrimonial\",\"isPartOf\":{\"@id\":\"https:\\\/\\\/fundoprimatera.org.br\\\/site\\\/#website\"},\"primaryImageOfPage\":{\"@id\":\"https:\\\/\\\/fundoprimatera.org.br\\\/site\\\/fortalecendo-a-pesquisa-como-os-fundos-patrimoniais-estimulam-a-colaboracao-entre-universidades-e-empresas-do-setor-florestal\\\/#primaryimage\"},\"image\":{\"@id\":\"https:\\\/\\\/fundoprimatera.org.br\\\/site\\\/fortalecendo-a-pesquisa-como-os-fundos-patrimoniais-estimulam-a-colaboracao-entre-universidades-e-empresas-do-setor-florestal\\\/#primaryimage\"},\"thumbnailUrl\":\"https:\\\/\\\/fundoprimatera.org.br\\\/site\\\/wp-content\\\/uploads\\\/2024\\\/11\\\/Capa-Blog_Prancheta-1-scaled.jpg\",\"datePublished\":\"2024-11-04T13:38:32+00:00\",\"author\":{\"@id\":\"https:\\\/\\\/fundoprimatera.org.br\\\/site\\\/#\\\/schema\\\/person\\\/8b7ee45acf1fef955e60642576809df8\"},\"breadcrumb\":{\"@id\":\"https:\\\/\\\/fundoprimatera.org.br\\\/site\\\/fortalecendo-a-pesquisa-como-os-fundos-patrimoniais-estimulam-a-colaboracao-entre-universidades-e-empresas-do-setor-florestal\\\/#breadcrumb\"},\"inLanguage\":\"pt-BR\",\"potentialAction\":[{\"@type\":\"ReadAction\",\"target\":[\"https:\\\/\\\/fundoprimatera.org.br\\\/site\\\/fortalecendo-a-pesquisa-como-os-fundos-patrimoniais-estimulam-a-colaboracao-entre-universidades-e-empresas-do-setor-florestal\\\/\"]}]},{\"@type\":\"ImageObject\",\"inLanguage\":\"pt-BR\",\"@id\":\"https:\\\/\\\/fundoprimatera.org.br\\\/site\\\/fortalecendo-a-pesquisa-como-os-fundos-patrimoniais-estimulam-a-colaboracao-entre-universidades-e-empresas-do-setor-florestal\\\/#primaryimage\",\"url\":\"https:\\\/\\\/fundoprimatera.org.br\\\/site\\\/wp-content\\\/uploads\\\/2024\\\/11\\\/Capa-Blog_Prancheta-1-scaled.jpg\",\"contentUrl\":\"https:\\\/\\\/fundoprimatera.org.br\\\/site\\\/wp-content\\\/uploads\\\/2024\\\/11\\\/Capa-Blog_Prancheta-1-scaled.jpg\",\"width\":2560,\"height\":1700},{\"@type\":\"BreadcrumbList\",\"@id\":\"https:\\\/\\\/fundoprimatera.org.br\\\/site\\\/fortalecendo-a-pesquisa-como-os-fundos-patrimoniais-estimulam-a-colaboracao-entre-universidades-e-empresas-do-setor-florestal\\\/#breadcrumb\",\"itemListElement\":[{\"@type\":\"ListItem\",\"position\":1,\"name\":\"In\u00edcio\",\"item\":\"https:\\\/\\\/fundoprimatera.org.br\\\/site\\\/\"},{\"@type\":\"ListItem\",\"position\":2,\"name\":\"Fortalecendo a pesquisa: como os fundos patrimoniais estimulam a colabora\u00e7\u00e3o entre universidades e empresas do setor florestal\"}]},{\"@type\":\"WebSite\",\"@id\":\"https:\\\/\\\/fundoprimatera.org.br\\\/site\\\/#website\",\"url\":\"https:\\\/\\\/fundoprimatera.org.br\\\/site\\\/\",\"name\":\"Primatera Fundo Patrimonial\",\"description\":\"Primatera Fundo Patrimonial\",\"potentialAction\":[{\"@type\":\"SearchAction\",\"target\":{\"@type\":\"EntryPoint\",\"urlTemplate\":\"https:\\\/\\\/fundoprimatera.org.br\\\/site\\\/?s={search_term_string}\"},\"query-input\":{\"@type\":\"PropertyValueSpecification\",\"valueRequired\":true,\"valueName\":\"search_term_string\"}}],\"inLanguage\":\"pt-BR\"},{\"@type\":\"Person\",\"@id\":\"https:\\\/\\\/fundoprimatera.org.br\\\/site\\\/#\\\/schema\\\/person\\\/8b7ee45acf1fef955e60642576809df8\",\"name\":\"Bruna Vernaschi\",\"image\":{\"@type\":\"ImageObject\",\"inLanguage\":\"pt-BR\",\"@id\":\"https:\\\/\\\/secure.gravatar.com\\\/avatar\\\/c81bc79cd3e282d5b1f059421e66e8bf9745fff4f35653d7ede70706e4796ee8?s=96&d=mm&r=g\",\"url\":\"https:\\\/\\\/secure.gravatar.com\\\/avatar\\\/c81bc79cd3e282d5b1f059421e66e8bf9745fff4f35653d7ede70706e4796ee8?s=96&d=mm&r=g\",\"contentUrl\":\"https:\\\/\\\/secure.gravatar.com\\\/avatar\\\/c81bc79cd3e282d5b1f059421e66e8bf9745fff4f35653d7ede70706e4796ee8?s=96&d=mm&r=g\",\"caption\":\"Bruna Vernaschi\"},\"url\":\"https:\\\/\\\/fundoprimatera.org.br\\\/site\\\/author\\\/bruna\\\/\"}]}<\/script>\n<!-- \/ Yoast SEO plugin. -->","yoast_head_json":{"title":"Fortalecendo a pesquisa: como os fundos patrimoniais estimulam a colabora\u00e7\u00e3o entre universidades e empresas do setor florestal - Primatera Fundo Patrimonial","robots":{"index":"index","follow":"follow","max-snippet":"max-snippet:-1","max-image-preview":"max-image-preview:large","max-video-preview":"max-video-preview:-1"},"canonical":"https:\/\/fundoprimatera.org.br\/site\/fortalecendo-a-pesquisa-como-os-fundos-patrimoniais-estimulam-a-colaboracao-entre-universidades-e-empresas-do-setor-florestal\/","og_locale":"pt_BR","og_type":"article","og_title":"Fortalecendo a pesquisa: como os fundos patrimoniais estimulam a colabora\u00e7\u00e3o entre universidades e empresas do setor florestal - Primatera Fundo Patrimonial","og_description":"O setor florestal no Brasil representa uma das ind\u00fastrias mais estrat\u00e9gicas para a economia nacional, e seu desenvolvimento cont\u00ednuo depende de inova\u00e7\u00e3o, sustentabilidade e, principalmente, de pessoas qualificadas.\u00a0 Atrav\u00e9s da uni\u00e3o entre universidades e empresas, criam-se oportunidades para solu\u00e7\u00f5es sustent\u00e1veis e para a forma\u00e7\u00e3o de profissionais que garantir\u00e3o o futuro do setor. Fundos patrimoniais, como [&hellip;]","og_url":"https:\/\/fundoprimatera.org.br\/site\/fortalecendo-a-pesquisa-como-os-fundos-patrimoniais-estimulam-a-colaboracao-entre-universidades-e-empresas-do-setor-florestal\/","og_site_name":"Primatera Fundo Patrimonial","article_published_time":"2024-11-04T13:38:32+00:00","og_image":[{"width":2560,"height":1700,"url":"https:\/\/fundoprimatera.org.br\/site\/wp-content\/uploads\/2024\/11\/Capa-Blog_Prancheta-1-scaled.jpg","type":"image\/jpeg"}],"author":"Bruna Vernaschi","twitter_card":"summary_large_image","twitter_misc":{"Escrito por":"Bruna Vernaschi","Est. tempo de leitura":"6 minutos"},"schema":{"@context":"https:\/\/schema.org","@graph":[{"@type":"Article","@id":"https:\/\/fundoprimatera.org.br\/site\/fortalecendo-a-pesquisa-como-os-fundos-patrimoniais-estimulam-a-colaboracao-entre-universidades-e-empresas-do-setor-florestal\/#article","isPartOf":{"@id":"https:\/\/fundoprimatera.org.br\/site\/fortalecendo-a-pesquisa-como-os-fundos-patrimoniais-estimulam-a-colaboracao-entre-universidades-e-empresas-do-setor-florestal\/"},"author":{"name":"Bruna Vernaschi","@id":"https:\/\/fundoprimatera.org.br\/site\/#\/schema\/person\/8b7ee45acf1fef955e60642576809df8"},"headline":"Fortalecendo a pesquisa: como os fundos patrimoniais estimulam a colabora\u00e7\u00e3o entre universidades e empresas do setor florestal","datePublished":"2024-11-04T13:38:32+00:00","mainEntityOfPage":{"@id":"https:\/\/fundoprimatera.org.br\/site\/fortalecendo-a-pesquisa-como-os-fundos-patrimoniais-estimulam-a-colaboracao-entre-universidades-e-empresas-do-setor-florestal\/"},"wordCount":945,"commentCount":0,"image":{"@id":"https:\/\/fundoprimatera.org.br\/site\/fortalecendo-a-pesquisa-como-os-fundos-patrimoniais-estimulam-a-colaboracao-entre-universidades-e-empresas-do-setor-florestal\/#primaryimage"},"thumbnailUrl":"https:\/\/fundoprimatera.org.br\/site\/wp-content\/uploads\/2024\/11\/Capa-Blog_Prancheta-1-scaled.jpg","inLanguage":"pt-BR","potentialAction":[{"@type":"CommentAction","name":"Comment","target":["https:\/\/fundoprimatera.org.br\/site\/fortalecendo-a-pesquisa-como-os-fundos-patrimoniais-estimulam-a-colaboracao-entre-universidades-e-empresas-do-setor-florestal\/#respond"]}]},{"@type":"WebPage","@id":"https:\/\/fundoprimatera.org.br\/site\/fortalecendo-a-pesquisa-como-os-fundos-patrimoniais-estimulam-a-colaboracao-entre-universidades-e-empresas-do-setor-florestal\/","url":"https:\/\/fundoprimatera.org.br\/site\/fortalecendo-a-pesquisa-como-os-fundos-patrimoniais-estimulam-a-colaboracao-entre-universidades-e-empresas-do-setor-florestal\/","name":"Fortalecendo a pesquisa: como os fundos patrimoniais estimulam a colabora\u00e7\u00e3o entre universidades e empresas do setor florestal - Primatera Fundo Patrimonial","isPartOf":{"@id":"https:\/\/fundoprimatera.org.br\/site\/#website"},"primaryImageOfPage":{"@id":"https:\/\/fundoprimatera.org.br\/site\/fortalecendo-a-pesquisa-como-os-fundos-patrimoniais-estimulam-a-colaboracao-entre-universidades-e-empresas-do-setor-florestal\/#primaryimage"},"image":{"@id":"https:\/\/fundoprimatera.org.br\/site\/fortalecendo-a-pesquisa-como-os-fundos-patrimoniais-estimulam-a-colaboracao-entre-universidades-e-empresas-do-setor-florestal\/#primaryimage"},"thumbnailUrl":"https:\/\/fundoprimatera.org.br\/site\/wp-content\/uploads\/2024\/11\/Capa-Blog_Prancheta-1-scaled.jpg","datePublished":"2024-11-04T13:38:32+00:00","author":{"@id":"https:\/\/fundoprimatera.org.br\/site\/#\/schema\/person\/8b7ee45acf1fef955e60642576809df8"},"breadcrumb":{"@id":"https:\/\/fundoprimatera.org.br\/site\/fortalecendo-a-pesquisa-como-os-fundos-patrimoniais-estimulam-a-colaboracao-entre-universidades-e-empresas-do-setor-florestal\/#breadcrumb"},"inLanguage":"pt-BR","potentialAction":[{"@type":"ReadAction","target":["https:\/\/fundoprimatera.org.br\/site\/fortalecendo-a-pesquisa-como-os-fundos-patrimoniais-estimulam-a-colaboracao-entre-universidades-e-empresas-do-setor-florestal\/"]}]},{"@type":"ImageObject","inLanguage":"pt-BR","@id":"https:\/\/fundoprimatera.org.br\/site\/fortalecendo-a-pesquisa-como-os-fundos-patrimoniais-estimulam-a-colaboracao-entre-universidades-e-empresas-do-setor-florestal\/#primaryimage","url":"https:\/\/fundoprimatera.org.br\/site\/wp-content\/uploads\/2024\/11\/Capa-Blog_Prancheta-1-scaled.jpg","contentUrl":"https:\/\/fundoprimatera.org.br\/site\/wp-content\/uploads\/2024\/11\/Capa-Blog_Prancheta-1-scaled.jpg","width":2560,"height":1700},{"@type":"BreadcrumbList","@id":"https:\/\/fundoprimatera.org.br\/site\/fortalecendo-a-pesquisa-como-os-fundos-patrimoniais-estimulam-a-colaboracao-entre-universidades-e-empresas-do-setor-florestal\/#breadcrumb","itemListElement":[{"@type":"ListItem","position":1,"name":"In\u00edcio","item":"https:\/\/fundoprimatera.org.br\/site\/"},{"@type":"ListItem","position":2,"name":"Fortalecendo a pesquisa: como os fundos patrimoniais estimulam a colabora\u00e7\u00e3o entre universidades e empresas do setor florestal"}]},{"@type":"WebSite","@id":"https:\/\/fundoprimatera.org.br\/site\/#website","url":"https:\/\/fundoprimatera.org.br\/site\/","name":"Primatera Fundo Patrimonial","description":"Primatera Fundo Patrimonial","potentialAction":[{"@type":"SearchAction","target":{"@type":"EntryPoint","urlTemplate":"https:\/\/fundoprimatera.org.br\/site\/?s={search_term_string}"},"query-input":{"@type":"PropertyValueSpecification","valueRequired":true,"valueName":"search_term_string"}}],"inLanguage":"pt-BR"},{"@type":"Person","@id":"https:\/\/fundoprimatera.org.br\/site\/#\/schema\/person\/8b7ee45acf1fef955e60642576809df8","name":"Bruna Vernaschi","image":{"@type":"ImageObject","inLanguage":"pt-BR","@id":"https:\/\/secure.gravatar.com\/avatar\/c81bc79cd3e282d5b1f059421e66e8bf9745fff4f35653d7ede70706e4796ee8?s=96&d=mm&r=g","url":"https:\/\/secure.gravatar.com\/avatar\/c81bc79cd3e282d5b1f059421e66e8bf9745fff4f35653d7ede70706e4796ee8?s=96&d=mm&r=g","contentUrl":"https:\/\/secure.gravatar.com\/avatar\/c81bc79cd3e282d5b1f059421e66e8bf9745fff4f35653d7ede70706e4796ee8?s=96&d=mm&r=g","caption":"Bruna Vernaschi"},"url":"https:\/\/fundoprimatera.org.br\/site\/author\/bruna\/"}]}},"_links":{"self":[{"href":"https:\/\/fundoprimatera.org.br\/site\/wp-json\/wp\/v2\/posts\/2183","targetHints":{"allow":["GET"]}}],"collection":[{"href":"https:\/\/fundoprimatera.org.br\/site\/wp-json\/wp\/v2\/posts"}],"about":[{"href":"https:\/\/fundoprimatera.org.br\/site\/wp-json\/wp\/v2\/types\/post"}],"author":[{"embeddable":true,"href":"https:\/\/fundoprimatera.org.br\/site\/wp-json\/wp\/v2\/users\/2"}],"replies":[{"embeddable":true,"href":"https:\/\/fundoprimatera.org.br\/site\/wp-json\/wp\/v2\/comments?post=2183"}],"version-history":[{"count":2,"href":"https:\/\/fundoprimatera.org.br\/site\/wp-json\/wp\/v2\/posts\/2183\/revisions"}],"predecessor-version":[{"id":2190,"href":"https:\/\/fundoprimatera.org.br\/site\/wp-json\/wp\/v2\/posts\/2183\/revisions\/2190"}],"wp:featuredmedia":[{"embeddable":true,"href":"https:\/\/fundoprimatera.org.br\/site\/wp-json\/wp\/v2\/media\/2184"}],"wp:attachment":[{"href":"https:\/\/fundoprimatera.org.br\/site\/wp-json\/wp\/v2\/media?parent=2183"}],"wp:term":[{"taxonomy":"category","embeddable":true,"href":"https:\/\/fundoprimatera.org.br\/site\/wp-json\/wp\/v2\/categories?post=2183"},{"taxonomy":"post_tag","embeddable":true,"href":"https:\/\/fundoprimatera.org.br\/site\/wp-json\/wp\/v2\/tags?post=2183"}],"curies":[{"name":"wp","href":"https:\/\/api.w.org\/{rel}","templated":true}]}}